{"id":4926,"date":"2018-10-25T17:02:11","date_gmt":"2018-10-25T17:02:11","guid":{"rendered":"https:\/\/www.ciudadrodrigo.es\/ayuntamiento\/?p=4926"},"modified":"2020-02-13T13:22:21","modified_gmt":"2020-02-13T12:22:21","slug":"modificacion-no-10-del-pgou-modificacion-de-las-ordenanzas-de-uso-del-suelo-pgou-de-ciudad-rodrigo","status":"publish","type":"post","link":"https:\/\/www.ciudadrodrigo.es\/ayuntamiento\/modificacion-no-10-del-pgou-modificacion-de-las-ordenanzas-de-uso-del-suelo-pgou-de-ciudad-rodrigo\/","title":{"rendered":"Modificaci\u00f3n N\u00ba 10 del PGOU \u00abModificaci\u00f3n de las ordenanzas de uso del suelo PGOU de Ciudad Rodrigo\u00bb"},"content":{"rendered":"<p><strong>Modificaci\u00f3n N\u00ba 10 del PGOU \u00abModificaci\u00f3n de las ordenanzas de uso del suelo PGOU de Ciudad Rodrigo\u00bb<\/strong><\/p>\n<p><strong>PROMOTOR:<\/strong>\u00a0Ayuntamiento<br \/>\n<strong>APROBACI\u00d3N INICIAL:<\/strong><br \/>\n&#8211; Acuerdo Plenario de fecha 20 de agosto de 2018.<br \/>\n&#8211; <span style=\"text-decoration: underline;\">Publicaci\u00f3n anuncio BOCYL<\/span>: 21 de septiembre de 2018.<br \/>\n&#8211; <strong>Publicaci\u00f3n Tabl\u00f3n de Edictos y Web:<\/strong> 14 de octubre de 2018.<br \/>\n&#8211; <span style=\"text-decoration: underline;\">Publicaci\u00f3n prensa:<\/span> La Gaceta de Salamanca de 25 de septiembre de 2018.<br \/>\n&#8211; <span style=\"text-decoration: underline;\">Per\u00edodo de informaci\u00f3n p\u00fablica<\/span>: dos meses desde la \u00faltima de las publicaciones. Hasta el 24 de noviembre de 2018.<\/p>\n<p><strong>APROBACI\u00d3N DEFINITIVA:<\/strong><\/p>\n<p>&#8211; Acuerdo Plenario de fecha 23 de mayo de 2019.<br \/>\n&#8211;\u00a0<span style=\"text-decoration: underline;\">Publicaci\u00f3n anuncio BOCYL<\/span>: <a href=\"http:\/\/bocyl.jcyl.es\/boletines\/2019\/06\/18\/pdf\/BOCYL-D-18062019-22.pdf\" target=\"_blank\" rel=\"noopener noreferrer\">N\u00ba 115 de 18 de junio de 2019<\/a>.<\/p>\n<p><span style=\"text-decoration: underline;\"><em><strong>DOCUMENTOS:<\/strong><\/em><\/span><\/p>\n<table style=\"height: 14px;\" width=\"203\">\n<tbody>\n<tr>\n<td style=\"width: 30px; text-align: left; vertical-align: middle;\"><img loading=\"lazy\" decoding=\"async\" class=\"alignleft size-full wp-image-2515\" src=\"http:\/\/www.ciudadrodrigo.es\/ayuntamiento\/wp-content\/uploads\/2018\/04\/iconoDescargaPdf.png\" alt=\"iconodescargapdf\" width=\"30\" height=\"30\" \/><\/td>\n<td>\u00a0<a href=\"http:\/\/www.ciudadrodrigo.es\/ayuntamiento\/wp-content\/uploads\/2018\/10\/Proyecto-modificacion-N10-PGOU-ordenanzasDeusodelSuelo.pdf\" target=\"_blank\" rel=\"noopener noreferrer\">Proyecto<\/a><\/td>\n<\/tr>\n<\/tbody>\n<\/table>\n<table style=\"height: 14px;\" width=\"203\">\n<tbody>\n<tr>\n<td style=\"width: 30px; text-align: left; vertical-align: middle;\"><img loading=\"lazy\" decoding=\"async\" class=\"alignleft size-full wp-image-2515\" src=\"http:\/\/www.ciudadrodrigo.es\/ayuntamiento\/wp-content\/uploads\/2018\/04\/iconoDescargaPdf.png\" alt=\"iconodescargapdf\" width=\"30\" height=\"30\" \/><\/td>\n<td>\u00a0<a href=\"https:\/\/www.ciudadrodrigo.es\/ayuntamiento\/wp-content\/uploads\/urbanismo\/CRODRIGOMODIFICACIOn10PGOU.pdf\" target=\"_blank\" rel=\"noopener noreferrer\">Documento\u00a0definitivo<\/a><\/td>\n<\/tr>\n<\/tbody>\n<\/table>\n<p>&nbsp;<\/p>\n","protected":false},"excerpt":{"rendered":"<p>Modificaci\u00f3n N\u00ba 10 del PGOU \u00abModificaci\u00f3n de las ordenanzas de uso del suelo PGOU de Ciudad Rodrigo\u00bb PROMOTOR:\u00a0Ayuntamiento APROBACI\u00d3N INICIAL: &#8211; Acuerdo Plenario de fecha 20 de agosto de 2018. &#8211; Publicaci\u00f3n anuncio BOCYL: 21 de septiembre de 2018. &#8211; Publicaci\u00f3n Tabl\u00f3n de Edictos y Web: 14 de octubre de 2018. &#8211; Publicaci\u00f3n prensa: La [&hellip;]<\/p>\n","protected":false},"author":1,"featured_media":0,"comment_status":"closed","ping_status":"closed","sticky":false,"template":"","format":"standard","meta":{"footnotes":""},"categories":[152],"tags":[],"class_list":["post-4926","post","type-post","status-publish","format-standard","hentry","category-normativa-urbanistica-de-aplicacion-planeamiento"],"_links":{"self":[{"href":"https:\/\/www.ciudadrodrigo.es\/ayuntamiento\/wp-json\/wp\/v2\/posts\/4926","targetHints":{"allow":["GET"]}}],"collection":[{"href":"https:\/\/www.ciudadrodrigo.es\/ayuntamiento\/wp-json\/wp\/v2\/posts"}],"about":[{"href":"https:\/\/www.ciudadrodrigo.es\/ayuntamiento\/wp-json\/wp\/v2\/types\/post"}],"author":[{"embeddable":true,"href":"https:\/\/www.ciudadrodrigo.es\/ayuntamiento\/wp-json\/wp\/v2\/users\/1"}],"replies":[{"embeddable":true,"href":"https:\/\/www.ciudadrodrigo.es\/ayuntamiento\/wp-json\/wp\/v2\/comments?post=4926"}],"version-history":[{"count":6,"href":"https:\/\/www.ciudadrodrigo.es\/ayuntamiento\/wp-json\/wp\/v2\/posts\/4926\/revisions"}],"predecessor-version":[{"id":7763,"href":"https:\/\/www.ciudadrodrigo.es\/ayuntamiento\/wp-json\/wp\/v2\/posts\/4926\/revisions\/7763"}],"wp:attachment":[{"href":"https:\/\/www.ciudadrodrigo.es\/ayuntamiento\/wp-json\/wp\/v2\/media?parent=4926"}],"wp:term":[{"taxonomy":"category","embeddable":true,"href":"https:\/\/www.ciudadrodrigo.es\/ayuntamiento\/wp-json\/wp\/v2\/categories?post=4926"},{"taxonomy":"post_tag","embeddable":true,"href":"https:\/\/www.ciudadrodrigo.es\/ayuntamiento\/wp-json\/wp\/v2\/tags?post=4926"}],"curies":[{"name":"wp","href":"https:\/\/api.w.org\/{rel}","templated":true}]}}