{"id":5258,"date":"2019-01-08T13:37:54","date_gmt":"2019-01-08T13:37:54","guid":{"rendered":"https:\/\/www.ciudadrodrigo.es\/ayuntamiento\/?p=5258"},"modified":"2019-01-08T13:39:07","modified_gmt":"2019-01-08T13:39:07","slug":"autorizacion-de-uso-excepcional-en-suelo-rustico-para-sustitucion-de-cubierta-de-almacen-en-la-parcela-38-del-poligono-17-interesada-por-d-juan-jose-hernandez-hernandez","status":"publish","type":"post","link":"https:\/\/www.ciudadrodrigo.es\/ayuntamiento\/autorizacion-de-uso-excepcional-en-suelo-rustico-para-sustitucion-de-cubierta-de-almacen-en-la-parcela-38-del-poligono-17-interesada-por-d-juan-jose-hernandez-hernandez\/","title":{"rendered":"Autorizaci\u00f3n de uso excepcional en suelo r\u00fastico para sustituci\u00f3n de cubierta de almac\u00e9n en la parcela 38 del pol\u00edgono 17 interesada por D. Juan Jos\u00e9 Hern\u00e1ndez Hern\u00e1ndez"},"content":{"rendered":"<p><em><strong>\u00d3RGANO QUE ORDENA LA PUBLICACI\u00d3N<\/strong><\/em>: Alcald\u00eda.<br \/>\n<em><strong>PUBLICACI\u00d3N BOCYL<\/strong><\/em>: 20 de diciembre de 2018.<br \/>\n<em><strong>PUBLICACI\u00d3N WEB<\/strong><\/em>: 13 de diciembre de 2018.<br \/>\n<em><strong>PUBLICACI\u00d3N PRENSA<\/strong><\/em>: El Norte de Castilla 22\/12\/2018<br \/>\n<em><strong>PRESENTACI\u00d3N DE ALEGACIONES<\/strong><\/em>: hasta las 14:00 horas del d\u00eda 23 de enero de 2018<\/p>\n<p><span style=\"text-decoration: underline;\"><span style=\"color: #000000; text-decoration: underline;\"><strong>DOCUMENTOS<\/strong><\/span><\/span><\/p>\n<table style=\"height: 40px;\" width=\"377\">\n<tbody>\n<tr>\n<td style=\"width: 30px;\">\u00a0<img loading=\"lazy\" decoding=\"async\" class=\"alignnone size-full wp-image-2515\" src=\"https:\/\/www.ciudadrodrigo.es\/ayuntamiento\/wp-content\/uploads\/2018\/04\/iconoDescargaPdf.png\" alt=\"iconodescargapdf\" width=\"30\" height=\"30\" \/><\/td>\n<td>\u00a0<a href=\"https:\/\/www.ciudadrodrigo.es\/ayuntamiento\/wp-content\/uploads\/2019\/01\/MEMORIA.pdf\" target=\"_blank\">Memoria<\/a><\/td>\n<\/tr>\n<\/tbody>\n<\/table>\n<p>&nbsp;<\/p>\n","protected":false},"excerpt":{"rendered":"<p>\u00d3RGANO QUE ORDENA LA PUBLICACI\u00d3N: Alcald\u00eda. PUBLICACI\u00d3N BOCYL: 20 de diciembre de 2018. PUBLICACI\u00d3N WEB: 13 de diciembre de 2018. PUBLICACI\u00d3N PRENSA: El Norte de Castilla 22\/12\/2018 PRESENTACI\u00d3N DE ALEGACIONES: hasta las 14:00 horas del d\u00eda 23 de enero de 2018 DOCUMENTOS \u00a0 \u00a0Memoria &nbsp;<\/p>\n","protected":false},"author":4,"featured_media":0,"comment_status":"closed","ping_status":"closed","sticky":false,"template":"","format":"standard","meta":{"footnotes":""},"categories":[151],"tags":[],"class_list":["post-5258","post","type-post","status-publish","format-standard","hentry","category-urbanismo-autorizaciones-de-uso-excepcional"],"_links":{"self":[{"href":"https:\/\/www.ciudadrodrigo.es\/ayuntamiento\/wp-json\/wp\/v2\/posts\/5258","targetHints":{"allow":["GET"]}}],"collection":[{"href":"https:\/\/www.ciudadrodrigo.es\/ayuntamiento\/wp-json\/wp\/v2\/posts"}],"about":[{"href":"https:\/\/www.ciudadrodrigo.es\/ayuntamiento\/wp-json\/wp\/v2\/types\/post"}],"author":[{"embeddable":true,"href":"https:\/\/www.ciudadrodrigo.es\/ayuntamiento\/wp-json\/wp\/v2\/users\/4"}],"replies":[{"embeddable":true,"href":"https:\/\/www.ciudadrodrigo.es\/ayuntamiento\/wp-json\/wp\/v2\/comments?post=5258"}],"version-history":[{"count":4,"href":"https:\/\/www.ciudadrodrigo.es\/ayuntamiento\/wp-json\/wp\/v2\/posts\/5258\/revisions"}],"predecessor-version":[{"id":5264,"href":"https:\/\/www.ciudadrodrigo.es\/ayuntamiento\/wp-json\/wp\/v2\/posts\/5258\/revisions\/5264"}],"wp:attachment":[{"href":"https:\/\/www.ciudadrodrigo.es\/ayuntamiento\/wp-json\/wp\/v2\/media?parent=5258"}],"wp:term":[{"taxonomy":"category","embeddable":true,"href":"https:\/\/www.ciudadrodrigo.es\/ayuntamiento\/wp-json\/wp\/v2\/categories?post=5258"},{"taxonomy":"post_tag","embeddable":true,"href":"https:\/\/www.ciudadrodrigo.es\/ayuntamiento\/wp-json\/wp\/v2\/tags?post=5258"}],"curies":[{"name":"wp","href":"https:\/\/api.w.org\/{rel}","templated":true}]}}