{"id":5265,"date":"2019-01-08T13:45:36","date_gmt":"2019-01-08T13:45:36","guid":{"rendered":"https:\/\/www.ciudadrodrigo.es\/ayuntamiento\/?p=5265"},"modified":"2019-01-10T07:52:34","modified_gmt":"2019-01-10T07:52:34","slug":"autorizacion-de-uso-provisional-para-adaptacion-de-nave-existente-en-camino-del-cementerio-no-65-a-garaje-de-vehiculos-almacen-vestuarios-y-centro-de-recogida-por-entrega-voluntaria-de-residuos-dom","status":"publish","type":"post","link":"https:\/\/www.ciudadrodrigo.es\/ayuntamiento\/autorizacion-de-uso-provisional-para-adaptacion-de-nave-existente-en-camino-del-cementerio-no-65-a-garaje-de-vehiculos-almacen-vestuarios-y-centro-de-recogida-por-entrega-voluntaria-de-residuos-dom\/","title":{"rendered":"Autorizaci\u00f3n de uso provisional para adaptaci\u00f3n de nave existente en Camino del Cementerio n\u00ba 65, a garaje de veh\u00edculos, almac\u00e9n, vestuarios y Centro de Recogida por entrega voluntaria de residuos dom\u00e9sticos especiales, interesada por Urbaser S.A"},"content":{"rendered":"<p><em><strong>\u00d3RGANO QUE ORDENA LA PUBLICACI\u00d3N<\/strong><\/em>: Alcald\u00eda<br \/>\n<em><strong>PUBLICACI\u00d3N BOCYL<\/strong><\/em>: 04\/01\/2019<br \/>\n<em><strong>PUBLICACI\u00d3N WEB<\/strong><\/em>: 21\/12\/2018<br \/>\n<em><strong>PUBLICACI\u00d3N PRENSA<\/strong><\/em>:\u00a0El Norte de Castilla 10\/01\/2019<br \/>\n<em><strong>PRESENTACI\u00d3N DE ALEGACIONES<\/strong><\/em>; Hasta las 14:00 horas del 05\/02\/2019<\/p>\n<p><span style=\"text-decoration: underline;\"><strong>DOCUMENTOS<\/strong><\/span>:<\/p>\n<table style=\"height: 42px;\" width=\"374\">\n<tbody>\n<tr>\n<td style=\"width: 30px;\">\u00a0<img loading=\"lazy\" decoding=\"async\" class=\"alignnone size-full wp-image-2515\" src=\"https:\/\/www.ciudadrodrigo.es\/ayuntamiento\/wp-content\/uploads\/2018\/04\/iconoDescargaPdf.png\" alt=\"iconodescargapdf\" width=\"30\" height=\"30\" \/><\/td>\n<td>\u00a0<a href=\"https:\/\/www.ciudadrodrigo.es\/ayuntamiento\/wp-content\/uploads\/2019\/01\/MEMORIA-URBASER.pdf\" target=\"_blank\">Memoria<\/a><\/td>\n<\/tr>\n<\/tbody>\n<\/table>\n<p><\/p>\n","protected":false},"excerpt":{"rendered":"<p>\u00d3RGANO QUE ORDENA LA PUBLICACI\u00d3N: Alcald\u00eda PUBLICACI\u00d3N BOCYL: 04\/01\/2019 PUBLICACI\u00d3N WEB: 21\/12\/2018 PUBLICACI\u00d3N PRENSA:\u00a0El Norte de Castilla 10\/01\/2019 PRESENTACI\u00d3N DE ALEGACIONES; Hasta las 14:00 horas del 05\/02\/2019 DOCUMENTOS: \u00a0 \u00a0Memoria<\/p>\n","protected":false},"author":4,"featured_media":0,"comment_status":"closed","ping_status":"closed","sticky":false,"template":"","format":"standard","meta":{"footnotes":""},"categories":[151],"tags":[],"class_list":["post-5265","post","type-post","status-publish","format-standard","hentry","category-urbanismo-autorizaciones-de-uso-excepcional"],"_links":{"self":[{"href":"https:\/\/www.ciudadrodrigo.es\/ayuntamiento\/wp-json\/wp\/v2\/posts\/5265","targetHints":{"allow":["GET"]}}],"collection":[{"href":"https:\/\/www.ciudadrodrigo.es\/ayuntamiento\/wp-json\/wp\/v2\/posts"}],"about":[{"href":"https:\/\/www.ciudadrodrigo.es\/ayuntamiento\/wp-json\/wp\/v2\/types\/post"}],"author":[{"embeddable":true,"href":"https:\/\/www.ciudadrodrigo.es\/ayuntamiento\/wp-json\/wp\/v2\/users\/4"}],"replies":[{"embeddable":true,"href":"https:\/\/www.ciudadrodrigo.es\/ayuntamiento\/wp-json\/wp\/v2\/comments?post=5265"}],"version-history":[{"count":3,"href":"https:\/\/www.ciudadrodrigo.es\/ayuntamiento\/wp-json\/wp\/v2\/posts\/5265\/revisions"}],"predecessor-version":[{"id":5285,"href":"https:\/\/www.ciudadrodrigo.es\/ayuntamiento\/wp-json\/wp\/v2\/posts\/5265\/revisions\/5285"}],"wp:attachment":[{"href":"https:\/\/www.ciudadrodrigo.es\/ayuntamiento\/wp-json\/wp\/v2\/media?parent=5265"}],"wp:term":[{"taxonomy":"category","embeddable":true,"href":"https:\/\/www.ciudadrodrigo.es\/ayuntamiento\/wp-json\/wp\/v2\/categories?post=5265"},{"taxonomy":"post_tag","embeddable":true,"href":"https:\/\/www.ciudadrodrigo.es\/ayuntamiento\/wp-json\/wp\/v2\/tags?post=5265"}],"curies":[{"name":"wp","href":"https:\/\/api.w.org\/{rel}","templated":true}]}}