{"id":5296,"date":"2019-01-17T12:10:53","date_gmt":"2019-01-17T12:10:53","guid":{"rendered":"https:\/\/www.ciudadrodrigo.es\/ayuntamiento\/?p=5296"},"modified":"2020-02-13T13:28:53","modified_gmt":"2020-02-13T12:28:53","slug":"modificacion-no-12-del-pgou-para-la-modificacion-de-la-ordenanza-11-y-correccion-de-errores-del-plan-general-de-ordenacion-urbana-de-ciudad-rodrigo-salamanca","status":"publish","type":"post","link":"https:\/\/www.ciudadrodrigo.es\/ayuntamiento\/modificacion-no-12-del-pgou-para-la-modificacion-de-la-ordenanza-11-y-correccion-de-errores-del-plan-general-de-ordenacion-urbana-de-ciudad-rodrigo-salamanca\/","title":{"rendered":"Modificaci\u00f3n N\u00ba 12 del PGOU para la modificaci\u00f3n de la ordenanza 11 y correcci\u00f3n de errores del Plan General de Ordenaci\u00f3n Urbana de Ciudad Rodrigo (Salamanca)"},"content":{"rendered":"<p><strong>Modificaci\u00f3n N\u00ba 12 del PGOU para la modificaci\u00f3n de la ordenanza 11 y correcci\u00f3n de errores del Plan General de Ordenaci\u00f3n Urbana de Ciudad Rodrigo (Salamanca)<\/strong><\/p>\n<p><strong>PROMOTOR:<\/strong>\u00a0Ayuntamiento<br \/>\n<strong>APROBACI\u00d3N INICIAL:<\/strong><br \/>\n&#8211; <span style=\"text-decoration: underline;\">Acuerdo Plenario<\/span> de fecha 27 de diciembre de 2018.<br \/>\n&#8211; <span style=\"text-decoration: underline;\">Publicaci\u00f3n anuncio BOCYL<\/span>: <a href=\"http:\/\/bocyl.jcyl.es\/boletines\/2019\/01\/17\/pdf\/BOCYL-D-17012019-28.pdf\" target=\"_blank\" rel=\"noopener noreferrer\">n\u00ba 11 de 17 de enero de 2019<\/a>.<br \/>\n&#8211; <span style=\"text-decoration: underline;\">Publicaci\u00f3n Web:<\/span>\u00a017\/01-2019.<br \/>\n&#8211; <span style=\"text-decoration: underline;\">Publicaci\u00f3n prensa:<\/span> La Gaceta de Salamanca de 11 de enero de 2019.<br \/>\n&#8211; <span style=\"text-decoration: underline;\">Per\u00edodo de informaci\u00f3n p\u00fablica<\/span>: dos meses desde la \u00faltima de las publicaciones.<\/p>\n<p><strong>APROBACI\u00d3N DEFINITIVA<\/strong>:<br \/>\nAcuerdo plenario de fecha 8 de agosto de 2019<br \/>\nPublicaci\u00f3n BOCYL: <a href=\"http:\/\/bocyl.jcyl.es\/boletines\/2019\/09\/20\/pdf\/BOCYL-D-20092019-13.pdf\" target=\"_blank\" rel=\"noopener noreferrer\">20\/09\/2019<\/a><\/p>\n<p><span style=\"text-decoration: underline;\"><em><strong>DOCUMENTOS:<\/strong><\/em><\/span><\/p>\n<table style=\"height: 54px;\" width=\"464\">\n<tbody>\n<tr>\n<td style=\"width: 30px; text-align: left; vertical-align: middle;\"><img loading=\"lazy\" decoding=\"async\" class=\"alignleft size-full wp-image-2515\" src=\"http:\/\/www.ciudadrodrigo.es\/ayuntamiento\/wp-content\/uploads\/2018\/04\/iconoDescargaPdf.png\" alt=\"iconodescargapdf\" width=\"30\" height=\"30\" \/><\/td>\n<td>\u00a0<a href=\"https:\/\/www.ciudadrodrigo.es\/ayuntamiento\/wp-content\/uploads\/2019\/01\/Modificacion-N12-delPGOUpara-la-modificacion-de-la-ordenanza11.pdf\" target=\"_blank\" rel=\"noopener noreferrer\">Documento modificaci\u00f3n N\u00ba 12 del PGOU.<\/a><\/td>\n<\/tr>\n<tr>\n<td style=\"width: 30px; text-align: left; vertical-align: middle;\"><img loading=\"lazy\" decoding=\"async\" class=\"alignleft size-full wp-image-2515\" src=\"http:\/\/www.ciudadrodrigo.es\/ayuntamiento\/wp-content\/uploads\/2018\/04\/iconoDescargaPdf.png\" alt=\"iconodescargapdf\" width=\"30\" height=\"30\" \/><\/td>\n<td><a href=\"https:\/\/www.ciudadrodrigo.es\/ayuntamiento\/wp-content\/uploads\/2020\/02\/MODIFICACION-12-PGOU.pdf\" target=\"_blank\" rel=\"noopener noreferrer\">Documento aprobado definitivamente<\/a><\/td>\n<\/tr>\n<\/tbody>\n<\/table>\n<p>&nbsp;<\/p>\n","protected":false},"excerpt":{"rendered":"<p>Modificaci\u00f3n N\u00ba 12 del PGOU para la modificaci\u00f3n de la ordenanza 11 y correcci\u00f3n de errores del Plan General de Ordenaci\u00f3n Urbana de Ciudad Rodrigo (Salamanca) PROMOTOR:\u00a0Ayuntamiento APROBACI\u00d3N INICIAL: &#8211; Acuerdo Plenario de fecha 27 de diciembre de 2018. &#8211; Publicaci\u00f3n anuncio BOCYL: n\u00ba 11 de 17 de enero de 2019. &#8211; Publicaci\u00f3n Web:\u00a017\/01-2019. &#8211; [&hellip;]<\/p>\n","protected":false},"author":1,"featured_media":0,"comment_status":"closed","ping_status":"closed","sticky":false,"template":"","format":"standard","meta":{"footnotes":""},"categories":[152],"tags":[],"class_list":["post-5296","post","type-post","status-publish","format-standard","hentry","category-normativa-urbanistica-de-aplicacion-planeamiento"],"_links":{"self":[{"href":"https:\/\/www.ciudadrodrigo.es\/ayuntamiento\/wp-json\/wp\/v2\/posts\/5296","targetHints":{"allow":["GET"]}}],"collection":[{"href":"https:\/\/www.ciudadrodrigo.es\/ayuntamiento\/wp-json\/wp\/v2\/posts"}],"about":[{"href":"https:\/\/www.ciudadrodrigo.es\/ayuntamiento\/wp-json\/wp\/v2\/types\/post"}],"author":[{"embeddable":true,"href":"https:\/\/www.ciudadrodrigo.es\/ayuntamiento\/wp-json\/wp\/v2\/users\/1"}],"replies":[{"embeddable":true,"href":"https:\/\/www.ciudadrodrigo.es\/ayuntamiento\/wp-json\/wp\/v2\/comments?post=5296"}],"version-history":[{"count":10,"href":"https:\/\/www.ciudadrodrigo.es\/ayuntamiento\/wp-json\/wp\/v2\/posts\/5296\/revisions"}],"predecessor-version":[{"id":7766,"href":"https:\/\/www.ciudadrodrigo.es\/ayuntamiento\/wp-json\/wp\/v2\/posts\/5296\/revisions\/7766"}],"wp:attachment":[{"href":"https:\/\/www.ciudadrodrigo.es\/ayuntamiento\/wp-json\/wp\/v2\/media?parent=5296"}],"wp:term":[{"taxonomy":"category","embeddable":true,"href":"https:\/\/www.ciudadrodrigo.es\/ayuntamiento\/wp-json\/wp\/v2\/categories?post=5296"},{"taxonomy":"post_tag","embeddable":true,"href":"https:\/\/www.ciudadrodrigo.es\/ayuntamiento\/wp-json\/wp\/v2\/tags?post=5296"}],"curies":[{"name":"wp","href":"https:\/\/api.w.org\/{rel}","templated":true}]}}