{"id":5473,"date":"2019-02-25T11:15:42","date_gmt":"2019-02-25T11:15:42","guid":{"rendered":"https:\/\/www.ciudadrodrigo.es\/ayuntamiento\/?p=5473"},"modified":"2019-03-06T08:57:56","modified_gmt":"2019-03-06T08:57:56","slug":"autorizacion-de-uso-excepcional-en-suelo-rustico-para-instalacion-solar-fotovoltaica-conectada-a-red-de-100kw-en-parcela-20060-del-poligono-11","status":"publish","type":"post","link":"https:\/\/www.ciudadrodrigo.es\/ayuntamiento\/autorizacion-de-uso-excepcional-en-suelo-rustico-para-instalacion-solar-fotovoltaica-conectada-a-red-de-100kw-en-parcela-20060-del-poligono-11\/","title":{"rendered":"Autorizaci\u00f3n de uso excepcional en suelo r\u00fastico para instalaci\u00f3n solar fotovoltaica conectada a red de 100Kw en parcela 20060 del pol\u00edgono 11"},"content":{"rendered":"<p><em><strong>ORGANO QUE ORDENA LA PUBLICACI\u00d3N<\/strong><\/em>: Alcald\u00eda<br \/>\n<em><strong>PUBLICACI\u00d3N BOCYL<\/strong><\/em>:\u00a04\/03\/2019<br \/>\n<em><strong>PUBLICACI\u00d3N WEB<\/strong><\/em>:\u00a025\/02\/2019<br \/>\n<em><strong>PUBLICACI\u00d3N PRENSA<\/strong><\/em>: pendiente de publicar.<br \/>\n<em><strong>PRESENTACI\u00d3IN DE ALEGACIONES<\/strong><\/em>: Hasta el d\u00eda 1 de abril de 2019.<\/p>\n<p><strong>DOCUMENTOS<\/strong>:<\/p>\n<table style=\"height: 36px;\" width=\"377\">\n<tbody>\n<tr>\n<td style=\"width: 30px;\">\u00a0<img loading=\"lazy\" decoding=\"async\" class=\"alignnone size-full wp-image-2515\" src=\"https:\/\/www.ciudadrodrigo.es\/ayuntamiento\/wp-content\/uploads\/2018\/04\/iconoDescargaPdf.png\" alt=\"iconodescargapdf\" width=\"30\" height=\"30\" \/><\/td>\n<td>\u00a0<a href=\"https:\/\/www.ciudadrodrigo.es\/ayuntamiento\/wp-content\/uploads\/2019\/02\/ANUNCIO-BOCYL-ISABEL-SEVILLANO.pdf\" target=\"_blank\">Anuncio<\/a><\/td>\n<\/tr>\n<\/tbody>\n<\/table>\n<p>&nbsp;<\/p>\n","protected":false},"excerpt":{"rendered":"<p>ORGANO QUE ORDENA LA PUBLICACI\u00d3N: Alcald\u00eda PUBLICACI\u00d3N BOCYL:\u00a04\/03\/2019 PUBLICACI\u00d3N WEB:\u00a025\/02\/2019 PUBLICACI\u00d3N PRENSA: pendiente de publicar. PRESENTACI\u00d3IN DE ALEGACIONES: Hasta el d\u00eda 1 de abril de 2019. DOCUMENTOS: \u00a0 \u00a0Anuncio &nbsp;<\/p>\n","protected":false},"author":4,"featured_media":0,"comment_status":"closed","ping_status":"closed","sticky":false,"template":"","format":"standard","meta":{"footnotes":""},"categories":[151],"tags":[],"class_list":["post-5473","post","type-post","status-publish","format-standard","hentry","category-urbanismo-autorizaciones-de-uso-excepcional"],"_links":{"self":[{"href":"https:\/\/www.ciudadrodrigo.es\/ayuntamiento\/wp-json\/wp\/v2\/posts\/5473","targetHints":{"allow":["GET"]}}],"collection":[{"href":"https:\/\/www.ciudadrodrigo.es\/ayuntamiento\/wp-json\/wp\/v2\/posts"}],"about":[{"href":"https:\/\/www.ciudadrodrigo.es\/ayuntamiento\/wp-json\/wp\/v2\/types\/post"}],"author":[{"embeddable":true,"href":"https:\/\/www.ciudadrodrigo.es\/ayuntamiento\/wp-json\/wp\/v2\/users\/4"}],"replies":[{"embeddable":true,"href":"https:\/\/www.ciudadrodrigo.es\/ayuntamiento\/wp-json\/wp\/v2\/comments?post=5473"}],"version-history":[{"count":4,"href":"https:\/\/www.ciudadrodrigo.es\/ayuntamiento\/wp-json\/wp\/v2\/posts\/5473\/revisions"}],"predecessor-version":[{"id":5521,"href":"https:\/\/www.ciudadrodrigo.es\/ayuntamiento\/wp-json\/wp\/v2\/posts\/5473\/revisions\/5521"}],"wp:attachment":[{"href":"https:\/\/www.ciudadrodrigo.es\/ayuntamiento\/wp-json\/wp\/v2\/media?parent=5473"}],"wp:term":[{"taxonomy":"category","embeddable":true,"href":"https:\/\/www.ciudadrodrigo.es\/ayuntamiento\/wp-json\/wp\/v2\/categories?post=5473"},{"taxonomy":"post_tag","embeddable":true,"href":"https:\/\/www.ciudadrodrigo.es\/ayuntamiento\/wp-json\/wp\/v2\/tags?post=5473"}],"curies":[{"name":"wp","href":"https:\/\/api.w.org\/{rel}","templated":true}]}}