{"id":5817,"date":"2019-05-06T09:01:54","date_gmt":"2019-05-06T09:01:54","guid":{"rendered":"https:\/\/www.ciudadrodrigo.es\/ayuntamiento\/?p=5817"},"modified":"2019-05-10T11:48:19","modified_gmt":"2019-05-10T11:48:19","slug":"autorizacion-de-uso-excepcional-para-sustitucion-parcial-de-cubierta-en-edificio-sito-en-camino-los-paredones-sn","status":"publish","type":"post","link":"https:\/\/www.ciudadrodrigo.es\/ayuntamiento\/autorizacion-de-uso-excepcional-para-sustitucion-parcial-de-cubierta-en-edificio-sito-en-camino-los-paredones-sn\/","title":{"rendered":"Autorizaci\u00f3n de uso excepcional para sustituci\u00f3n parcial de cubierta en edificio sito en Camino los Paredones s\/n"},"content":{"rendered":"<p><strong>ORGANO QUE ORDENA LA PUBLICACI\u00d3N<\/strong>: Alcald\u00eda.<br \/>\n<strong>PUBLICACI\u00d3N BOCYL<\/strong>:\u00a006\/05\/2019<br \/>\n<strong>P\u00d9BLICACI\u00d3N WEB<\/strong>: 26 de abril de 2019<br \/>\n<strong>PUBLICACI\u00d3N PRENSA<\/strong>: El Norte de Castilla 08\/05\/2019<br \/>\n<strong>PRESENTACI\u00d3N DE ALEGACIONES<\/strong>: 20 d\u00edas h\u00e1biles a contar desde el siguiente a la publicaci\u00f3n del anuncio en el BOCYL<\/p>\n<p><span style=\"text-decoration: underline;\"><strong>DOCUMENTOS<\/strong><\/span>:<\/p>\n<table style=\"height: 32px;\" width=\"484\">\n<tbody>\n<tr>\n<td style=\"width: 30px;\">\u00a0<img loading=\"lazy\" decoding=\"async\" class=\"alignnone size-full wp-image-2515\" src=\"https:\/\/www.ciudadrodrigo.es\/ayuntamiento\/wp-content\/uploads\/2018\/04\/iconoDescargaPdf.png\" alt=\"iconodescargapdf\" width=\"30\" height=\"30\" \/><\/td>\n<td><a href=\"https:\/\/www.ciudadrodrigo.es\/ayuntamiento\/wp-content\/uploads\/2019\/05\/ANUNCIO-BOCYL.jose-angel.pdf\" target=\"_blank\">\u00a0Anuncio<\/a><\/td>\n<\/tr>\n<\/tbody>\n<\/table>\n<p>&nbsp;<\/p>\n","protected":false},"excerpt":{"rendered":"<p>ORGANO QUE ORDENA LA PUBLICACI\u00d3N: Alcald\u00eda. PUBLICACI\u00d3N BOCYL:\u00a006\/05\/2019 P\u00d9BLICACI\u00d3N WEB: 26 de abril de 2019 PUBLICACI\u00d3N PRENSA: El Norte de Castilla 08\/05\/2019 PRESENTACI\u00d3N DE ALEGACIONES: 20 d\u00edas h\u00e1biles a contar desde el siguiente a la publicaci\u00f3n del anuncio en el BOCYL DOCUMENTOS: \u00a0 \u00a0Anuncio &nbsp;<\/p>\n","protected":false},"author":4,"featured_media":0,"comment_status":"closed","ping_status":"closed","sticky":false,"template":"","format":"standard","meta":{"footnotes":""},"categories":[151],"tags":[],"class_list":["post-5817","post","type-post","status-publish","format-standard","hentry","category-urbanismo-autorizaciones-de-uso-excepcional"],"_links":{"self":[{"href":"https:\/\/www.ciudadrodrigo.es\/ayuntamiento\/wp-json\/wp\/v2\/posts\/5817","targetHints":{"allow":["GET"]}}],"collection":[{"href":"https:\/\/www.ciudadrodrigo.es\/ayuntamiento\/wp-json\/wp\/v2\/posts"}],"about":[{"href":"https:\/\/www.ciudadrodrigo.es\/ayuntamiento\/wp-json\/wp\/v2\/types\/post"}],"author":[{"embeddable":true,"href":"https:\/\/www.ciudadrodrigo.es\/ayuntamiento\/wp-json\/wp\/v2\/users\/4"}],"replies":[{"embeddable":true,"href":"https:\/\/www.ciudadrodrigo.es\/ayuntamiento\/wp-json\/wp\/v2\/comments?post=5817"}],"version-history":[{"count":5,"href":"https:\/\/www.ciudadrodrigo.es\/ayuntamiento\/wp-json\/wp\/v2\/posts\/5817\/revisions"}],"predecessor-version":[{"id":5949,"href":"https:\/\/www.ciudadrodrigo.es\/ayuntamiento\/wp-json\/wp\/v2\/posts\/5817\/revisions\/5949"}],"wp:attachment":[{"href":"https:\/\/www.ciudadrodrigo.es\/ayuntamiento\/wp-json\/wp\/v2\/media?parent=5817"}],"wp:term":[{"taxonomy":"category","embeddable":true,"href":"https:\/\/www.ciudadrodrigo.es\/ayuntamiento\/wp-json\/wp\/v2\/categories?post=5817"},{"taxonomy":"post_tag","embeddable":true,"href":"https:\/\/www.ciudadrodrigo.es\/ayuntamiento\/wp-json\/wp\/v2\/tags?post=5817"}],"curies":[{"name":"wp","href":"https:\/\/api.w.org\/{rel}","templated":true}]}}