{"id":6401,"date":"2019-06-14T11:21:04","date_gmt":"2019-06-14T11:21:04","guid":{"rendered":"https:\/\/www.ciudadrodrigo.es\/ayuntamiento\/?p=6401"},"modified":"2019-06-26T07:41:54","modified_gmt":"2019-06-26T07:41:54","slug":"autorizacion-de-uso-excepcional-en-suelo-rustico-para-reconstruccion-y-consolidacion-de-almacen-en-parcela-212-del-poligono-17","status":"publish","type":"post","link":"https:\/\/www.ciudadrodrigo.es\/ayuntamiento\/autorizacion-de-uso-excepcional-en-suelo-rustico-para-reconstruccion-y-consolidacion-de-almacen-en-parcela-212-del-poligono-17\/","title":{"rendered":"Autorizaci\u00f3n de uso excepcional en suelo r\u00fastico para reconstrucci\u00f3n y consolidaci\u00f3n de almac\u00e9n en parcela 212 del pol\u00edgono 17"},"content":{"rendered":"<p><strong>\u00d3RGANO QUE ORDENA LA PUBLICACI\u00d3N<\/strong>: Alcald\u00eda<br \/>\n<strong>PUBLICACI\u00d3N BOCYL<\/strong>:\u00a0<a href=\"http:\/\/bocyl.jcyl.es\/boletines\/2019\/06\/21\/pdf\/BOCYL-D-21062019-21.pdf\" target=\"_blank\">21\/06\/2019<\/a><br \/>\n<strong>PUBLICACI\u00d3N WEB<\/strong>: 14\/06\/2019<br \/>\n<strong>PUBLICACI\u00d3N PRENSA<\/strong>: el Norte de Castilla de 26\/06\/2019.<br \/>\n<strong>PRESENTACI\u00d3N DE ALEGACIONES<\/strong>: 20 d\u00edas h\u00e1biles a contar desde el siguiente a la publicaci\u00f3n del anuncio en el BOCYL<\/p>\n<p><span style=\"text-decoration: underline;\"><strong>DOCUMENTOS<\/strong><\/span><\/p>\n<table style=\"height: 32px;\" width=\"409\">\n<tbody>\n<tr>\n<td style=\"width: 30px;\">\u00a0<img loading=\"lazy\" decoding=\"async\" class=\"alignnone size-full wp-image-2515\" src=\"https:\/\/www.ciudadrodrigo.es\/ayuntamiento\/wp-content\/uploads\/2018\/04\/iconoDescargaPdf.png\" alt=\"iconodescargapdf\" width=\"30\" height=\"30\" \/><\/td>\n<td>\u00a0<a href=\"https:\/\/www.ciudadrodrigo.es\/ayuntamiento\/wp-content\/uploads\/2019\/06\/ANUNCIO-BOCYL.pdf\" target=\"_blank\">Anuncio<\/a><\/td>\n<\/tr>\n<\/tbody>\n<\/table>\n<p>&nbsp;<\/p>\n","protected":false},"excerpt":{"rendered":"<p>\u00d3RGANO QUE ORDENA LA PUBLICACI\u00d3N: Alcald\u00eda PUBLICACI\u00d3N BOCYL:\u00a021\/06\/2019 PUBLICACI\u00d3N WEB: 14\/06\/2019 PUBLICACI\u00d3N PRENSA: el Norte de Castilla de 26\/06\/2019. PRESENTACI\u00d3N DE ALEGACIONES: 20 d\u00edas h\u00e1biles a contar desde el siguiente a la publicaci\u00f3n del anuncio en el BOCYL DOCUMENTOS \u00a0 \u00a0Anuncio &nbsp;<\/p>\n","protected":false},"author":4,"featured_media":0,"comment_status":"closed","ping_status":"closed","sticky":false,"template":"","format":"standard","meta":{"footnotes":""},"categories":[151],"tags":[],"class_list":["post-6401","post","type-post","status-publish","format-standard","hentry","category-urbanismo-autorizaciones-de-uso-excepcional"],"_links":{"self":[{"href":"https:\/\/www.ciudadrodrigo.es\/ayuntamiento\/wp-json\/wp\/v2\/posts\/6401","targetHints":{"allow":["GET"]}}],"collection":[{"href":"https:\/\/www.ciudadrodrigo.es\/ayuntamiento\/wp-json\/wp\/v2\/posts"}],"about":[{"href":"https:\/\/www.ciudadrodrigo.es\/ayuntamiento\/wp-json\/wp\/v2\/types\/post"}],"author":[{"embeddable":true,"href":"https:\/\/www.ciudadrodrigo.es\/ayuntamiento\/wp-json\/wp\/v2\/users\/4"}],"replies":[{"embeddable":true,"href":"https:\/\/www.ciudadrodrigo.es\/ayuntamiento\/wp-json\/wp\/v2\/comments?post=6401"}],"version-history":[{"count":5,"href":"https:\/\/www.ciudadrodrigo.es\/ayuntamiento\/wp-json\/wp\/v2\/posts\/6401\/revisions"}],"predecessor-version":[{"id":6619,"href":"https:\/\/www.ciudadrodrigo.es\/ayuntamiento\/wp-json\/wp\/v2\/posts\/6401\/revisions\/6619"}],"wp:attachment":[{"href":"https:\/\/www.ciudadrodrigo.es\/ayuntamiento\/wp-json\/wp\/v2\/media?parent=6401"}],"wp:term":[{"taxonomy":"category","embeddable":true,"href":"https:\/\/www.ciudadrodrigo.es\/ayuntamiento\/wp-json\/wp\/v2\/categories?post=6401"},{"taxonomy":"post_tag","embeddable":true,"href":"https:\/\/www.ciudadrodrigo.es\/ayuntamiento\/wp-json\/wp\/v2\/tags?post=6401"}],"curies":[{"name":"wp","href":"https:\/\/api.w.org\/{rel}","templated":true}]}}