{"id":6608,"date":"2019-06-25T11:57:45","date_gmt":"2019-06-25T11:57:45","guid":{"rendered":"https:\/\/www.ciudadrodrigo.es\/ayuntamiento\/?p=6608"},"modified":"2019-07-16T09:23:13","modified_gmt":"2019-07-16T09:23:13","slug":"autorizacion-de-uso-excepcional-en-suelo-rustico-para-adaptacion-de-nave-y-legalizacion-de-taller-de-mecanico-en-parcela-59-del-poligono-12","status":"publish","type":"post","link":"https:\/\/www.ciudadrodrigo.es\/ayuntamiento\/autorizacion-de-uso-excepcional-en-suelo-rustico-para-adaptacion-de-nave-y-legalizacion-de-taller-de-mecanico-en-parcela-59-del-poligono-12\/","title":{"rendered":"Autorizaci\u00f3n de uso excepcional en suelo r\u00fastico para adaptaci\u00f3n de nave y legalizaci\u00f3n de taller de mec\u00e1nico en parcela 59 del pol\u00edgono 12"},"content":{"rendered":"<p><strong>ORGANO QUE ORDENA LA PUBLICACI\u00d3N<\/strong>: Alcald\u00eda<br \/>\n<strong>PUBLICACI\u00d3N BOCYL<\/strong>:\u00a0<a href=\"http:\/\/bocyl.jcyl.es\/boletines\/2019\/07\/02\/pdf\/BOCYL-D-02072019-20.pdf\" target=\"_blank\">02\/07\/2019<\/a><br \/>\n<strong>PUBLICACI\u00d3N WEB<\/strong>: 25\/06\/2019<br \/>\n<strong>PUBLICACI\u00d3N PRENSA<\/strong>:\u00a0La Gaceta de 16\/07\/2019<br \/>\n<strong>PRESENTACI\u00d3N DE ALEGACIONES<\/strong>: 20 d\u00edas h\u00e1biles a contar desde el siguiente a la publicaci\u00f3n del anuncio en el BOCYL<\/p>\n<p><strong>DOCUMENTOS<\/strong><\/p>\n<table style=\"height: 38px;\" width=\"492\">\n<tbody>\n<tr>\n<td style=\"width: 30px;\">\u00a0<img loading=\"lazy\" decoding=\"async\" class=\"alignnone size-full wp-image-2515\" src=\"https:\/\/www.ciudadrodrigo.es\/ayuntamiento\/wp-content\/uploads\/2018\/04\/iconoDescargaPdf.png\" alt=\"iconodescargapdf\" width=\"30\" height=\"30\" \/><\/td>\n<td>\u00a0<a href=\"https:\/\/www.ciudadrodrigo.es\/ayuntamiento\/wp-content\/uploads\/2019\/06\/ANUNCIO-BOCYL.docx\" target=\"_blank\">Anuncio<\/a><\/td>\n<\/tr>\n<\/tbody>\n<\/table>\n<p>&nbsp;<\/p>\n","protected":false},"excerpt":{"rendered":"<p>ORGANO QUE ORDENA LA PUBLICACI\u00d3N: Alcald\u00eda PUBLICACI\u00d3N BOCYL:\u00a002\/07\/2019 PUBLICACI\u00d3N WEB: 25\/06\/2019 PUBLICACI\u00d3N PRENSA:\u00a0La Gaceta de 16\/07\/2019 PRESENTACI\u00d3N DE ALEGACIONES: 20 d\u00edas h\u00e1biles a contar desde el siguiente a la publicaci\u00f3n del anuncio en el BOCYL DOCUMENTOS \u00a0 \u00a0Anuncio &nbsp;<\/p>\n","protected":false},"author":4,"featured_media":0,"comment_status":"closed","ping_status":"closed","sticky":false,"template":"","format":"standard","meta":{"footnotes":""},"categories":[151],"tags":[],"class_list":["post-6608","post","type-post","status-publish","format-standard","hentry","category-urbanismo-autorizaciones-de-uso-excepcional"],"_links":{"self":[{"href":"https:\/\/www.ciudadrodrigo.es\/ayuntamiento\/wp-json\/wp\/v2\/posts\/6608","targetHints":{"allow":["GET"]}}],"collection":[{"href":"https:\/\/www.ciudadrodrigo.es\/ayuntamiento\/wp-json\/wp\/v2\/posts"}],"about":[{"href":"https:\/\/www.ciudadrodrigo.es\/ayuntamiento\/wp-json\/wp\/v2\/types\/post"}],"author":[{"embeddable":true,"href":"https:\/\/www.ciudadrodrigo.es\/ayuntamiento\/wp-json\/wp\/v2\/users\/4"}],"replies":[{"embeddable":true,"href":"https:\/\/www.ciudadrodrigo.es\/ayuntamiento\/wp-json\/wp\/v2\/comments?post=6608"}],"version-history":[{"count":4,"href":"https:\/\/www.ciudadrodrigo.es\/ayuntamiento\/wp-json\/wp\/v2\/posts\/6608\/revisions"}],"predecessor-version":[{"id":6699,"href":"https:\/\/www.ciudadrodrigo.es\/ayuntamiento\/wp-json\/wp\/v2\/posts\/6608\/revisions\/6699"}],"wp:attachment":[{"href":"https:\/\/www.ciudadrodrigo.es\/ayuntamiento\/wp-json\/wp\/v2\/media?parent=6608"}],"wp:term":[{"taxonomy":"category","embeddable":true,"href":"https:\/\/www.ciudadrodrigo.es\/ayuntamiento\/wp-json\/wp\/v2\/categories?post=6608"},{"taxonomy":"post_tag","embeddable":true,"href":"https:\/\/www.ciudadrodrigo.es\/ayuntamiento\/wp-json\/wp\/v2\/tags?post=6608"}],"curies":[{"name":"wp","href":"https:\/\/api.w.org\/{rel}","templated":true}]}}