{"id":6907,"date":"2019-09-11T14:11:44","date_gmt":"2019-09-11T12:11:44","guid":{"rendered":"https:\/\/www.ciudadrodrigo.es\/ayuntamiento\/?p=6907"},"modified":"2019-10-08T08:43:04","modified_gmt":"2019-10-08T06:43:04","slug":"autorizacion-de-uso-provisional-en-suelo-urbanizable-para-rehabilitacion-y-reforma-de-instalaciones-existentes-en-el-camino-del-cementerio-para-su-uso-como-almacen-carpinteria-metalica-ofic","status":"publish","type":"post","link":"https:\/\/www.ciudadrodrigo.es\/ayuntamiento\/autorizacion-de-uso-provisional-en-suelo-urbanizable-para-rehabilitacion-y-reforma-de-instalaciones-existentes-en-el-camino-del-cementerio-para-su-uso-como-almacen-carpinteria-metalica-ofic\/","title":{"rendered":"Autorizaci\u00f3n de uso provisional en suelo urbanizable para rehabilitaci\u00f3n y reforma de instalaciones existentes en el Camino del Cementerio para su uso como \u201calmac\u00e9n, carpinter\u00eda met\u00e1lica, oficina y comercio al por mayor y alquiler de materiales, maquinaria y veh\u00edculos para la construcci\u00f3n\u201d, interesada por SOPAM CR S.L."},"content":{"rendered":"<p><strong>ORGANO QUE ORDENA LA PUBLICACI\u00d3N<\/strong>: Alcald\u00eda.<br \/>\n<strong>PUBLICACI\u00d3N BOCYL<\/strong>: <a href=\"http:\/\/bocyl.jcyl.es\/boletines\/2019\/09\/18\/pdf\/BOCYL-D-18092019-18.pdf\" target=\"_blank\">18\/09\/2019<\/a>.<br \/>\n<strong>PUBLICACI\u00d3N WEB<\/strong>: 11\/09\/2019<br \/>\n<strong>PUBLICACI\u00d3N PRENSA<\/strong>:\u00a0La Gaceta de Salamanca 08\/10\/2019<br \/>\n<strong>PRESENTACI\u00d3N DE ALEGACIONES<\/strong>: 20 d\u00edas h\u00e1biles a contar desde el d\u00eda siguiente a la publicaci\u00f3n del anuncio en el BOCYL<\/p>\n<p><span style=\"text-decoration: underline;\"><strong>DOCUMENTOS<\/strong><\/span><\/p>\n<table style=\"height: 42px;\" width=\"527\">\n<tbody>\n<tr>\n<td style=\"width: 30px;\">\u00a0<img loading=\"lazy\" decoding=\"async\" class=\"alignnone size-full wp-image-2515\" src=\"https:\/\/www.ciudadrodrigo.es\/ayuntamiento\/wp-content\/uploads\/2018\/04\/iconoDescargaPdf.png\" alt=\"iconodescargapdf\" width=\"30\" height=\"30\" \/><\/td>\n<td>\u00a0<a href=\"https:\/\/www.ciudadrodrigo.es\/ayuntamiento\/wp-content\/uploads\/2019\/09\/ANUNCIO-BOCYL-SOPAM.pdf\" target=\"_blank\">ANUNCIO<\/a><\/td>\n<\/tr>\n<\/tbody>\n<\/table>\n<p>&nbsp;<\/p>\n","protected":false},"excerpt":{"rendered":"<p>ORGANO QUE ORDENA LA PUBLICACI\u00d3N: Alcald\u00eda. PUBLICACI\u00d3N BOCYL: 18\/09\/2019. PUBLICACI\u00d3N WEB: 11\/09\/2019 PUBLICACI\u00d3N PRENSA:\u00a0La Gaceta de Salamanca 08\/10\/2019 PRESENTACI\u00d3N DE ALEGACIONES: 20 d\u00edas h\u00e1biles a contar desde el d\u00eda siguiente a la publicaci\u00f3n del anuncio en el BOCYL DOCUMENTOS \u00a0 \u00a0ANUNCIO &nbsp;<\/p>\n","protected":false},"author":4,"featured_media":0,"comment_status":"closed","ping_status":"closed","sticky":false,"template":"","format":"standard","meta":{"footnotes":""},"categories":[151],"tags":[],"class_list":["post-6907","post","type-post","status-publish","format-standard","hentry","category-urbanismo-autorizaciones-de-uso-excepcional"],"_links":{"self":[{"href":"https:\/\/www.ciudadrodrigo.es\/ayuntamiento\/wp-json\/wp\/v2\/posts\/6907","targetHints":{"allow":["GET"]}}],"collection":[{"href":"https:\/\/www.ciudadrodrigo.es\/ayuntamiento\/wp-json\/wp\/v2\/posts"}],"about":[{"href":"https:\/\/www.ciudadrodrigo.es\/ayuntamiento\/wp-json\/wp\/v2\/types\/post"}],"author":[{"embeddable":true,"href":"https:\/\/www.ciudadrodrigo.es\/ayuntamiento\/wp-json\/wp\/v2\/users\/4"}],"replies":[{"embeddable":true,"href":"https:\/\/www.ciudadrodrigo.es\/ayuntamiento\/wp-json\/wp\/v2\/comments?post=6907"}],"version-history":[{"count":4,"href":"https:\/\/www.ciudadrodrigo.es\/ayuntamiento\/wp-json\/wp\/v2\/posts\/6907\/revisions"}],"predecessor-version":[{"id":7021,"href":"https:\/\/www.ciudadrodrigo.es\/ayuntamiento\/wp-json\/wp\/v2\/posts\/6907\/revisions\/7021"}],"wp:attachment":[{"href":"https:\/\/www.ciudadrodrigo.es\/ayuntamiento\/wp-json\/wp\/v2\/media?parent=6907"}],"wp:term":[{"taxonomy":"category","embeddable":true,"href":"https:\/\/www.ciudadrodrigo.es\/ayuntamiento\/wp-json\/wp\/v2\/categories?post=6907"},{"taxonomy":"post_tag","embeddable":true,"href":"https:\/\/www.ciudadrodrigo.es\/ayuntamiento\/wp-json\/wp\/v2\/tags?post=6907"}],"curies":[{"name":"wp","href":"https:\/\/api.w.org\/{rel}","templated":true}]}}