{"id":7300,"date":"2019-11-20T14:01:26","date_gmt":"2019-11-20T13:01:26","guid":{"rendered":"https:\/\/www.ciudadrodrigo.es\/ayuntamiento\/?p=7300"},"modified":"2019-11-29T17:34:11","modified_gmt":"2019-11-29T16:34:11","slug":"autorizacion-de-uso-excepcional-para-la-instalacion-temporal-de-una-torre-de-medicion-meteorologica-en-la-parcela-19-del-poligono-9","status":"publish","type":"post","link":"https:\/\/www.ciudadrodrigo.es\/ayuntamiento\/autorizacion-de-uso-excepcional-para-la-instalacion-temporal-de-una-torre-de-medicion-meteorologica-en-la-parcela-19-del-poligono-9\/","title":{"rendered":"Autorizaci\u00f3n de uso excepcional para la instalaci\u00f3n temporal de una torre de medici\u00f3n meteorol\u00f3gica en la parcela 19 del pol\u00edgono 9"},"content":{"rendered":"<p><strong>ORGANO QUE ORDENA LA PUBLICACI\u00d3N:<\/strong> Alcald\u00eda<br \/>\n<strong>PUBLICACI\u00d3N BOCYL<\/strong>:\u00a0<a href=\"http:\/\/bocyl.jcyl.es\/boletines\/2019\/11\/27\/pdf\/BOCYL-D-27112019-28.pdf\" target=\"_blank\">27\/11\/2019<\/a><br \/>\n<strong>PUBLICACI\u00d3N WEB<\/strong>: 20\/11\/2019<br \/>\n<strong>PUBLICACI\u00d3N PRENSA<\/strong>: La Gaceta de Salamanca de fecha 20\/11\/2019<br \/>\n<strong>PRESENTACI\u00d3N DE ALEGACIONES<\/strong>: 20 d\u00edas h\u00e1biles a contar desde el d\u00eda siguiente a la \u00faltima publicaci\u00f3n.<\/p>\n<p><span style=\"text-decoration: underline;\"><strong>DOCUMENTOS<\/strong><\/span>:<\/p>\n<table style=\"height: 44px;\" width=\"479\">\n<tbody>\n<tr>\n<td style=\"width: 30px;\">\u00a0<img loading=\"lazy\" decoding=\"async\" class=\"alignnone size-full wp-image-2515\" src=\"https:\/\/www.ciudadrodrigo.es\/ayuntamiento\/wp-content\/uploads\/2018\/04\/iconoDescargaPdf.png\" alt=\"iconodescargapdf\" width=\"30\" height=\"30\" \/><\/td>\n<td>\u00a0<a href=\"https:\/\/www.ciudadrodrigo.es\/ayuntamiento\/wp-content\/uploads\/2019\/11\/ANUNCIO-BOCYL-IBERONOVA.pdf\" target=\"_blank\">Anuncio<\/a><\/td>\n<\/tr>\n<\/tbody>\n<\/table>\n<p><\/p>\n","protected":false},"excerpt":{"rendered":"<p>ORGANO QUE ORDENA LA PUBLICACI\u00d3N: Alcald\u00eda PUBLICACI\u00d3N BOCYL:\u00a027\/11\/2019 PUBLICACI\u00d3N WEB: 20\/11\/2019 PUBLICACI\u00d3N PRENSA: La Gaceta de Salamanca de fecha 20\/11\/2019 PRESENTACI\u00d3N DE ALEGACIONES: 20 d\u00edas h\u00e1biles a contar desde el d\u00eda siguiente a la \u00faltima publicaci\u00f3n. DOCUMENTOS: \u00a0 \u00a0Anuncio<\/p>\n","protected":false},"author":4,"featured_media":0,"comment_status":"closed","ping_status":"closed","sticky":false,"template":"","format":"standard","meta":{"footnotes":""},"categories":[151],"tags":[],"class_list":["post-7300","post","type-post","status-publish","format-standard","hentry","category-urbanismo-autorizaciones-de-uso-excepcional"],"_links":{"self":[{"href":"https:\/\/www.ciudadrodrigo.es\/ayuntamiento\/wp-json\/wp\/v2\/posts\/7300","targetHints":{"allow":["GET"]}}],"collection":[{"href":"https:\/\/www.ciudadrodrigo.es\/ayuntamiento\/wp-json\/wp\/v2\/posts"}],"about":[{"href":"https:\/\/www.ciudadrodrigo.es\/ayuntamiento\/wp-json\/wp\/v2\/types\/post"}],"author":[{"embeddable":true,"href":"https:\/\/www.ciudadrodrigo.es\/ayuntamiento\/wp-json\/wp\/v2\/users\/4"}],"replies":[{"embeddable":true,"href":"https:\/\/www.ciudadrodrigo.es\/ayuntamiento\/wp-json\/wp\/v2\/comments?post=7300"}],"version-history":[{"count":3,"href":"https:\/\/www.ciudadrodrigo.es\/ayuntamiento\/wp-json\/wp\/v2\/posts\/7300\/revisions"}],"predecessor-version":[{"id":7367,"href":"https:\/\/www.ciudadrodrigo.es\/ayuntamiento\/wp-json\/wp\/v2\/posts\/7300\/revisions\/7367"}],"wp:attachment":[{"href":"https:\/\/www.ciudadrodrigo.es\/ayuntamiento\/wp-json\/wp\/v2\/media?parent=7300"}],"wp:term":[{"taxonomy":"category","embeddable":true,"href":"https:\/\/www.ciudadrodrigo.es\/ayuntamiento\/wp-json\/wp\/v2\/categories?post=7300"},{"taxonomy":"post_tag","embeddable":true,"href":"https:\/\/www.ciudadrodrigo.es\/ayuntamiento\/wp-json\/wp\/v2\/tags?post=7300"}],"curies":[{"name":"wp","href":"https:\/\/api.w.org\/{rel}","templated":true}]}}