{"id":7303,"date":"2019-11-21T08:59:15","date_gmt":"2019-11-21T07:59:15","guid":{"rendered":"https:\/\/www.ciudadrodrigo.es\/ayuntamiento\/?p=7303"},"modified":"2019-11-29T18:01:18","modified_gmt":"2019-11-29T17:01:18","slug":"autorizacion-de-uso-excepcional-en-suelo-rustico-para-sustitucion-de-cubierta-en-vivienda-unifamiliar-sita-en-er-extrarradio-1","status":"publish","type":"post","link":"https:\/\/www.ciudadrodrigo.es\/ayuntamiento\/autorizacion-de-uso-excepcional-en-suelo-rustico-para-sustitucion-de-cubierta-en-vivienda-unifamiliar-sita-en-er-extrarradio-1\/","title":{"rendered":"Autorizaci\u00f3n de uso excepcional en suelo r\u00fastico para sustituci\u00f3n de cubierta en vivienda unifamiliar sita en ER Extrarradio 1"},"content":{"rendered":"<p><strong>ORGANO QUE ORDENA LA PUBLICACI\u00d3N<\/strong>: Alcald\u00eda.<br \/>\n<strong>PUBLICACI\u00d3N BOCYL<\/strong>:\u00a0<a href=\"http:\/\/bocyl.jcyl.es\/boletines\/2019\/11\/28\/pdf\/BOCYL-D-28112019-25.pdf\" target=\"_blank\">28\/11\/2019<\/a><br \/>\n<strong>PUBLICACI\u00d3N WEB<\/strong>: 21\/11\/2019<br \/>\n<strong>PUBLICACI\u00d3N PRENSA<\/strong>:\u00a0La Gaceta de Salamanca 22\/11\/2019<br \/>\n<strong>PRESENTACI\u00d3N DE ALEGACIONES<\/strong>: 20 d\u00edas h\u00e1biles a contar desde el d\u00eda siguiente a la \u00faltima publicaci\u00f3n.<\/p>\n<p><span style=\"text-decoration: underline;\"><strong>DOCUMENTOS:<\/strong><\/span><\/p>\n<table style=\"height: 43px;\" width=\"544\">\n<tbody>\n<tr>\n<td style=\"width: 30px;\"><img loading=\"lazy\" decoding=\"async\" class=\"alignnone size-full wp-image-2515\" src=\"https:\/\/www.ciudadrodrigo.es\/ayuntamiento\/wp-content\/uploads\/2018\/04\/iconoDescargaPdf.png\" alt=\"iconodescargapdf\" width=\"30\" height=\"30\" \/><\/td>\n<td>\u00a0<a href=\"https:\/\/www.ciudadrodrigo.es\/ayuntamiento\/wp-content\/uploads\/2019\/11\/ANUNCIO-BOCYL-JORGE-MORAN.pdf\" target=\"_blank\">Anuncio<\/a><\/td>\n<\/tr>\n<\/tbody>\n<\/table>\n<p><\/p>\n","protected":false},"excerpt":{"rendered":"<p>ORGANO QUE ORDENA LA PUBLICACI\u00d3N: Alcald\u00eda. PUBLICACI\u00d3N BOCYL:\u00a028\/11\/2019 PUBLICACI\u00d3N WEB: 21\/11\/2019 PUBLICACI\u00d3N PRENSA:\u00a0La Gaceta de Salamanca 22\/11\/2019 PRESENTACI\u00d3N DE ALEGACIONES: 20 d\u00edas h\u00e1biles a contar desde el d\u00eda siguiente a la \u00faltima publicaci\u00f3n. DOCUMENTOS: \u00a0Anuncio<\/p>\n","protected":false},"author":4,"featured_media":0,"comment_status":"closed","ping_status":"closed","sticky":false,"template":"","format":"standard","meta":{"footnotes":""},"categories":[151],"tags":[],"class_list":["post-7303","post","type-post","status-publish","format-standard","hentry","category-urbanismo-autorizaciones-de-uso-excepcional"],"_links":{"self":[{"href":"https:\/\/www.ciudadrodrigo.es\/ayuntamiento\/wp-json\/wp\/v2\/posts\/7303","targetHints":{"allow":["GET"]}}],"collection":[{"href":"https:\/\/www.ciudadrodrigo.es\/ayuntamiento\/wp-json\/wp\/v2\/posts"}],"about":[{"href":"https:\/\/www.ciudadrodrigo.es\/ayuntamiento\/wp-json\/wp\/v2\/types\/post"}],"author":[{"embeddable":true,"href":"https:\/\/www.ciudadrodrigo.es\/ayuntamiento\/wp-json\/wp\/v2\/users\/4"}],"replies":[{"embeddable":true,"href":"https:\/\/www.ciudadrodrigo.es\/ayuntamiento\/wp-json\/wp\/v2\/comments?post=7303"}],"version-history":[{"count":5,"href":"https:\/\/www.ciudadrodrigo.es\/ayuntamiento\/wp-json\/wp\/v2\/posts\/7303\/revisions"}],"predecessor-version":[{"id":7310,"href":"https:\/\/www.ciudadrodrigo.es\/ayuntamiento\/wp-json\/wp\/v2\/posts\/7303\/revisions\/7310"}],"wp:attachment":[{"href":"https:\/\/www.ciudadrodrigo.es\/ayuntamiento\/wp-json\/wp\/v2\/media?parent=7303"}],"wp:term":[{"taxonomy":"category","embeddable":true,"href":"https:\/\/www.ciudadrodrigo.es\/ayuntamiento\/wp-json\/wp\/v2\/categories?post=7303"},{"taxonomy":"post_tag","embeddable":true,"href":"https:\/\/www.ciudadrodrigo.es\/ayuntamiento\/wp-json\/wp\/v2\/tags?post=7303"}],"curies":[{"name":"wp","href":"https:\/\/api.w.org\/{rel}","templated":true}]}}