{"id":7397,"date":"2019-12-04T13:58:07","date_gmt":"2019-12-04T12:58:07","guid":{"rendered":"https:\/\/www.ciudadrodrigo.es\/ayuntamiento\/?p=7397"},"modified":"2019-12-13T08:48:54","modified_gmt":"2019-12-13T07:48:54","slug":"autorizacion-de-uso-excepcional-en-suelo-rustico-para-construccion-de-una-instalacion-solar-fotovoltaica-de-venta-a-red-de-99586kw-denominada-fotovoltaica-ciudad-rodrigo-en-la-parc","status":"publish","type":"post","link":"https:\/\/www.ciudadrodrigo.es\/ayuntamiento\/autorizacion-de-uso-excepcional-en-suelo-rustico-para-construccion-de-una-instalacion-solar-fotovoltaica-de-venta-a-red-de-99586kw-denominada-fotovoltaica-ciudad-rodrigo-en-la-parc\/","title":{"rendered":"Autorizaci\u00f3n de uso excepcional en suelo r\u00fastico para construcci\u00f3n de una Instalaci\u00f3n Solar Fotovoltaica de venta a red de 995,86KW denominada \u201cFotovoltaica Ciudad Rodrigo\u201d, en la parcela 20 del pol\u00edgono 13"},"content":{"rendered":"<p><strong>ORGANO QUE ORDENA LA PUBLICACI\u00d3N<\/strong>: Alcald\u00eda.<br \/>\n<strong>PUBLICACI\u00d3N BOCYL<\/strong>:\u00a013\/12\/2019<br \/>\n<strong>PUBLICACI\u00d3N WEB<\/strong>: 04\/12\/2019<br \/>\n<strong>PUBLICACI\u00d3N PRENSA<\/strong>:\u00a0El Norte de Castilla 06\/12\/2019<br \/>\n<strong>PRESENTACI\u00d3N DE ALEGACIONES<\/strong>: 20 d\u00edas h\u00e1biles a contar desde el d\u00eda siguiente a la \u00faltima publicaci\u00f3n.<\/p>\n<p>DOCUMENTOS:<\/p>\n<table style=\"height: 36px;\" width=\"480\">\n<tbody>\n<tr>\n<td style=\"width: 30px;\">\u00a0<img loading=\"lazy\" decoding=\"async\" class=\"alignnone size-full wp-image-2515\" src=\"https:\/\/www.ciudadrodrigo.es\/ayuntamiento\/wp-content\/uploads\/2018\/04\/iconoDescargaPdf.png\" alt=\"iconodescargapdf\" width=\"30\" height=\"30\" \/><\/td>\n<td>\u00a0<a href=\"https:\/\/www.ciudadrodrigo.es\/ayuntamiento\/wp-content\/uploads\/2019\/12\/ANUNCIO-BOCYL-PROGRESION.pdf\" target=\"_blank\">ANUNCIO<\/a><\/td>\n<\/tr>\n<\/tbody>\n<\/table>\n<p>&nbsp;<\/p>\n","protected":false},"excerpt":{"rendered":"<p>ORGANO QUE ORDENA LA PUBLICACI\u00d3N: Alcald\u00eda. PUBLICACI\u00d3N BOCYL:\u00a013\/12\/2019 PUBLICACI\u00d3N WEB: 04\/12\/2019 PUBLICACI\u00d3N PRENSA:\u00a0El Norte de Castilla 06\/12\/2019 PRESENTACI\u00d3N DE ALEGACIONES: 20 d\u00edas h\u00e1biles a contar desde el d\u00eda siguiente a la \u00faltima publicaci\u00f3n. DOCUMENTOS: \u00a0 \u00a0ANUNCIO &nbsp;<\/p>\n","protected":false},"author":4,"featured_media":0,"comment_status":"closed","ping_status":"closed","sticky":false,"template":"","format":"standard","meta":{"footnotes":""},"categories":[151],"tags":[],"class_list":["post-7397","post","type-post","status-publish","format-standard","hentry","category-urbanismo-autorizaciones-de-uso-excepcional"],"_links":{"self":[{"href":"https:\/\/www.ciudadrodrigo.es\/ayuntamiento\/wp-json\/wp\/v2\/posts\/7397","targetHints":{"allow":["GET"]}}],"collection":[{"href":"https:\/\/www.ciudadrodrigo.es\/ayuntamiento\/wp-json\/wp\/v2\/posts"}],"about":[{"href":"https:\/\/www.ciudadrodrigo.es\/ayuntamiento\/wp-json\/wp\/v2\/types\/post"}],"author":[{"embeddable":true,"href":"https:\/\/www.ciudadrodrigo.es\/ayuntamiento\/wp-json\/wp\/v2\/users\/4"}],"replies":[{"embeddable":true,"href":"https:\/\/www.ciudadrodrigo.es\/ayuntamiento\/wp-json\/wp\/v2\/comments?post=7397"}],"version-history":[{"count":3,"href":"https:\/\/www.ciudadrodrigo.es\/ayuntamiento\/wp-json\/wp\/v2\/posts\/7397\/revisions"}],"predecessor-version":[{"id":7442,"href":"https:\/\/www.ciudadrodrigo.es\/ayuntamiento\/wp-json\/wp\/v2\/posts\/7397\/revisions\/7442"}],"wp:attachment":[{"href":"https:\/\/www.ciudadrodrigo.es\/ayuntamiento\/wp-json\/wp\/v2\/media?parent=7397"}],"wp:term":[{"taxonomy":"category","embeddable":true,"href":"https:\/\/www.ciudadrodrigo.es\/ayuntamiento\/wp-json\/wp\/v2\/categories?post=7397"},{"taxonomy":"post_tag","embeddable":true,"href":"https:\/\/www.ciudadrodrigo.es\/ayuntamiento\/wp-json\/wp\/v2\/tags?post=7397"}],"curies":[{"name":"wp","href":"https:\/\/api.w.org\/{rel}","templated":true}]}}