{"id":7401,"date":"2019-12-05T09:02:06","date_gmt":"2019-12-05T08:02:06","guid":{"rendered":"https:\/\/www.ciudadrodrigo.es\/ayuntamiento\/?p=7401"},"modified":"2020-01-23T09:17:26","modified_gmt":"2020-01-23T08:17:26","slug":"bolsa-de-empleo-auxiliares-de-turismo","status":"publish","type":"post","link":"https:\/\/www.ciudadrodrigo.es\/ayuntamiento\/bolsa-de-empleo-auxiliares-de-turismo\/","title":{"rendered":"Bolsa de Empleo Auxiliares de Turismo"},"content":{"rendered":"<p><strong><em>TIPO DE CONTRATO<\/em><\/strong>: 502<br \/>\n<em><strong>DURACI\u00d3N DEL CONTRATO<\/strong><\/em>:\u00a0 seis meses a media jornada.<br \/>\n<em><strong>HORARIO<\/strong><\/em>: Flexible<br \/>\n<em><strong>REQUISITOS<\/strong><\/em>: Tener o estar en disposici\u00f3n de obtener uno de los certificados de profesionalidad siguientes: SSCB0110 o HOTI108.<br \/>\n<em><strong>PROCEDIMIENTO DE SELECCI\u00d3N<\/strong><\/em>: Oferta gen\u00e9rica al ECYL y posterior proceso de selecci\u00f3n seg\u00fan bases.<br \/>\n<em><strong>PRESENTACI\u00d3N DE INSTANCIAS<\/strong><\/em>: Hasta las 14:00 horas del d\u00eda 20 de diciembre de 2019.<\/p>\n<p><strong>ALEGACI\u00d3N A LA BAREMACI\u00d3N<\/strong>: Hasta las 14:00 horas del d\u00eda 13 de enero de 2020.<\/p>\n<p><span style=\"text-decoration: underline;\"><strong>DOCUMENTOS<\/strong><\/span>:<\/p>\n<table style=\"height: 35px;\" width=\"545\">\n<tbody>\n<tr>\n<td style=\"width: 30px;\">\u00a0<img loading=\"lazy\" decoding=\"async\" class=\"alignnone size-full wp-image-2515\" src=\"https:\/\/www.ciudadrodrigo.es\/ayuntamiento\/wp-content\/uploads\/2018\/04\/iconoDescargaPdf.png\" alt=\"iconodescargapdf\" width=\"30\" height=\"30\" \/><\/td>\n<td>\u00a0<a href=\"https:\/\/www.ciudadrodrigo.es\/ayuntamiento\/wp-content\/uploads\/2019\/12\/BASES-AUXILIAR-TURISMO.pdf\" target=\"_blank\">BASES<\/a><\/td>\n<\/tr>\n<tr>\n<td style=\"width: 30px;\"><img loading=\"lazy\" decoding=\"async\" class=\"alignnone size-full wp-image-2515\" src=\"https:\/\/www.ciudadrodrigo.es\/ayuntamiento\/wp-content\/uploads\/2018\/04\/iconoDescargaPdf.png\" alt=\"iconodescargapdf\" width=\"30\" height=\"30\" \/><\/td>\n<td><a href=\"https:\/\/www.ciudadrodrigo.es\/ayuntamiento\/wp-content\/uploads\/2020\/01\/ANUNCIO-BAREMACION.pdf\" target=\"_blank\">Anuncio baremaci\u00f3n de m\u00e9ritos<\/a><\/td>\n<\/tr>\n<tr>\n<td style=\"width: 30px;\"><img loading=\"lazy\" decoding=\"async\" class=\"alignnone size-full wp-image-2515\" src=\"https:\/\/www.ciudadrodrigo.es\/ayuntamiento\/wp-content\/uploads\/2018\/04\/iconoDescargaPdf.png\" alt=\"iconodescargapdf\" width=\"30\" height=\"30\" \/><\/td>\n<td><a href=\"https:\/\/www.ciudadrodrigo.es\/ayuntamiento\/wp-content\/uploads\/2020\/01\/ANUNCIO-ESTUDIO-ALEGACIONES.pdf\" target=\"_blank\">Anuncio resoluci\u00f3n alegaciones<\/a><\/td>\n<\/tr>\n<tr>\n<td style=\"width: 30px;\"><img loading=\"lazy\" decoding=\"async\" class=\"alignnone size-full wp-image-2515\" src=\"https:\/\/www.ciudadrodrigo.es\/ayuntamiento\/wp-content\/uploads\/2018\/04\/iconoDescargaPdf.png\" alt=\"iconodescargapdf\" width=\"30\" height=\"30\" \/><\/td>\n<td><a href=\"https:\/\/www.ciudadrodrigo.es\/ayuntamiento\/wp-content\/uploads\/2020\/01\/RESOLUCION-BOLSA-AUXILIARES-INFORMACION-TURISTICA.pdf\" target=\"_blank\">Resoluci\u00f3n creaci\u00f3n Bolsa de empleo<\/a><\/td>\n<\/tr>\n<\/tbody>\n<\/table>\n<p>&nbsp;<\/p>\n","protected":false},"excerpt":{"rendered":"<p>TIPO DE CONTRATO: 502 DURACI\u00d3N DEL CONTRATO:\u00a0 seis meses a media jornada. HORARIO: Flexible REQUISITOS: Tener o estar en disposici\u00f3n de obtener uno de los certificados de profesionalidad siguientes: SSCB0110 o HOTI108. PROCEDIMIENTO DE SELECCI\u00d3N: Oferta gen\u00e9rica al ECYL y posterior proceso de selecci\u00f3n seg\u00fan bases. PRESENTACI\u00d3N DE INSTANCIAS: Hasta las 14:00 horas del d\u00eda [&hellip;]<\/p>\n","protected":false},"author":4,"featured_media":0,"comment_status":"closed","ping_status":"closed","sticky":false,"template":"","format":"standard","meta":{"footnotes":""},"categories":[150],"tags":[],"class_list":["post-7401","post","type-post","status-publish","format-standard","hentry","category-convocatorias-de-empleo-publico"],"_links":{"self":[{"href":"https:\/\/www.ciudadrodrigo.es\/ayuntamiento\/wp-json\/wp\/v2\/posts\/7401","targetHints":{"allow":["GET"]}}],"collection":[{"href":"https:\/\/www.ciudadrodrigo.es\/ayuntamiento\/wp-json\/wp\/v2\/posts"}],"about":[{"href":"https:\/\/www.ciudadrodrigo.es\/ayuntamiento\/wp-json\/wp\/v2\/types\/post"}],"author":[{"embeddable":true,"href":"https:\/\/www.ciudadrodrigo.es\/ayuntamiento\/wp-json\/wp\/v2\/users\/4"}],"replies":[{"embeddable":true,"href":"https:\/\/www.ciudadrodrigo.es\/ayuntamiento\/wp-json\/wp\/v2\/comments?post=7401"}],"version-history":[{"count":7,"href":"https:\/\/www.ciudadrodrigo.es\/ayuntamiento\/wp-json\/wp\/v2\/posts\/7401\/revisions"}],"predecessor-version":[{"id":7406,"href":"https:\/\/www.ciudadrodrigo.es\/ayuntamiento\/wp-json\/wp\/v2\/posts\/7401\/revisions\/7406"}],"wp:attachment":[{"href":"https:\/\/www.ciudadrodrigo.es\/ayuntamiento\/wp-json\/wp\/v2\/media?parent=7401"}],"wp:term":[{"taxonomy":"category","embeddable":true,"href":"https:\/\/www.ciudadrodrigo.es\/ayuntamiento\/wp-json\/wp\/v2\/categories?post=7401"},{"taxonomy":"post_tag","embeddable":true,"href":"https:\/\/www.ciudadrodrigo.es\/ayuntamiento\/wp-json\/wp\/v2\/tags?post=7401"}],"curies":[{"name":"wp","href":"https:\/\/api.w.org\/{rel}","templated":true}]}}