{"id":7934,"date":"2020-03-09T12:50:58","date_gmt":"2020-03-09T11:50:58","guid":{"rendered":"https:\/\/www.ciudadrodrigo.es\/ayuntamiento\/?p=7934"},"modified":"2020-03-09T12:52:47","modified_gmt":"2020-03-09T11:52:47","slug":"encuesta-oferta-educativa","status":"publish","type":"post","link":"https:\/\/www.ciudadrodrigo.es\/ayuntamiento\/encuesta-oferta-educativa\/","title":{"rendered":"Encuesta Oferta Educativa"},"content":{"rendered":"<p style=\"text-align: justify;\">Desde la <strong>Concejal\u00eda de Educaci\u00f3n, Infancia y Familia,<\/strong> se considera importante estudiar la <strong>necesidad de intentar ampliar la oferta educativa en nuestro municipio<\/strong>, por ello, como ya anunciamos hace un tiempo, nos parece necesario realizar un estudio sobre la viabilidad de ciclos formativos en nuestra ciudad.<\/p>\n<p style=\"text-align: justify;\">Para poder llevarlo a cabo y dado que es preocupaci\u00f3n de todos, agradezco la implicaci\u00f3n de todos los centros educativos, as\u00ed como de los diferentes grupos pol\u00edticos que forman la Corporaci\u00f3n Municipal, qui\u00e9nes hemos venido trabajando durante algunos meses en dicho tema.<\/p>\n<p style=\"text-align: justify;\">Por este motivo, invitamos a todos los ciudadanos interesados a expresar su opini\u00f3n mediante la realizaci\u00f3n de esta encuesta de una forma f\u00e1cil y sencilla de participaci\u00f3n, donde podr\u00e1n contestar a las distintas preguntas sobre sus posibles necesidades e intereses acerca de la oferta educativa:<\/p>\n<h3 style=\"text-align: justify;\">Acceder a la encuesta <a href=\"https:\/\/forms.gle\/GC5XwEbTHYxVzqQMA\" target=\"_blank\" rel=\"noopener noreferrer\">aqu\u00ed<\/a><\/h3>\n<p style=\"text-align: justify;\"><strong>El plazo para la realizaci\u00f3n de dicha encuesta estar\u00e1 abierto desde el d\u00eda 10 de marzo hasta el 31 de marzo de 2020.<\/strong><\/p>\n<p style=\"text-align: justify;\">Una vez que contemos con los resultados de dichas encuestas, se lo trasladaremos a la Junta de Castilla y Le\u00f3n, con el fin de lograr la implantaci\u00f3n de los mismos.<\/p>\n<p style=\"text-align: justify;\">Agradezco su anticipada colaboraci\u00f3n en dicho proceso.<\/p>\n<p style=\"text-align: right;\"><em>Atte. Vanesa Muriel Garc\u00eda<\/em><br \/>\n<em>Delegada de Educaci\u00f3n, Infancia y Familia<\/em><br \/>\n<em>Ayuntamiento de Ciudad Rodrigo<\/em><\/p>\n","protected":false},"excerpt":{"rendered":"<p>Desde la Concejal\u00eda de Educaci\u00f3n, Infancia y Familia, se considera importante estudiar la necesidad de intentar ampliar la oferta educativa en nuestro municipio, por ello, como ya anunciamos hace un tiempo, nos parece necesario realizar un estudio sobre la viabilidad de ciclos formativos en nuestra ciudad. Para poder llevarlo a cabo y dado que es [&hellip;]<\/p>\n","protected":false},"author":1,"featured_media":7935,"comment_status":"closed","ping_status":"closed","sticky":false,"template":"","format":"standard","meta":{"footnotes":""},"categories":[147,176],"tags":[],"class_list":["post-7934","post","type-post","status-publish","format-standard","has-post-thumbnail","hentry","category-destacados","category-educacion"],"_links":{"self":[{"href":"https:\/\/www.ciudadrodrigo.es\/ayuntamiento\/wp-json\/wp\/v2\/posts\/7934","targetHints":{"allow":["GET"]}}],"collection":[{"href":"https:\/\/www.ciudadrodrigo.es\/ayuntamiento\/wp-json\/wp\/v2\/posts"}],"about":[{"href":"https:\/\/www.ciudadrodrigo.es\/ayuntamiento\/wp-json\/wp\/v2\/types\/post"}],"author":[{"embeddable":true,"href":"https:\/\/www.ciudadrodrigo.es\/ayuntamiento\/wp-json\/wp\/v2\/users\/1"}],"replies":[{"embeddable":true,"href":"https:\/\/www.ciudadrodrigo.es\/ayuntamiento\/wp-json\/wp\/v2\/comments?post=7934"}],"version-history":[{"count":2,"href":"https:\/\/www.ciudadrodrigo.es\/ayuntamiento\/wp-json\/wp\/v2\/posts\/7934\/revisions"}],"predecessor-version":[{"id":7937,"href":"https:\/\/www.ciudadrodrigo.es\/ayuntamiento\/wp-json\/wp\/v2\/posts\/7934\/revisions\/7937"}],"wp:featuredmedia":[{"embeddable":true,"href":"https:\/\/www.ciudadrodrigo.es\/ayuntamiento\/wp-json\/wp\/v2\/media\/7935"}],"wp:attachment":[{"href":"https:\/\/www.ciudadrodrigo.es\/ayuntamiento\/wp-json\/wp\/v2\/media?parent=7934"}],"wp:term":[{"taxonomy":"category","embeddable":true,"href":"https:\/\/www.ciudadrodrigo.es\/ayuntamiento\/wp-json\/wp\/v2\/categories?post=7934"},{"taxonomy":"post_tag","embeddable":true,"href":"https:\/\/www.ciudadrodrigo.es\/ayuntamiento\/wp-json\/wp\/v2\/tags?post=7934"}],"curies":[{"name":"wp","href":"https:\/\/api.w.org\/{rel}","templated":true}]}}