{"id":8263,"date":"2020-04-29T08:40:59","date_gmt":"2020-04-29T06:40:59","guid":{"rendered":"https:\/\/www.ciudadrodrigo.es\/ayuntamiento\/?p=8263"},"modified":"2020-04-29T08:41:29","modified_gmt":"2020-04-29T06:41:29","slug":"suspension-de-actividades-culturales-promovidas-por-el-ayuntamiento","status":"publish","type":"post","link":"https:\/\/www.ciudadrodrigo.es\/ayuntamiento\/suspension-de-actividades-culturales-promovidas-por-el-ayuntamiento\/","title":{"rendered":"Suspensi\u00f3n de actividades culturales promovidas por el Ayuntamiento"},"content":{"rendered":"<p>Con motivo de la situaci\u00f3n excepcional generada por la incidencia del COVID-19 y las medidas derivadas del Real Decreto 463\/2020, de 14 de marzo, por el que se declara el estado de alarma para la gesti\u00f3n de la situaci\u00f3n de crisis sanitaria ocasionada por el COVID-19, el Ayuntamiento de Ciudad Rodrigo, se ha visto obligado\u00a0 a cancelar:<\/p>\n<p>&#8211; <strong>El Concurso de pintura al aire libre<\/strong> que este a\u00f1o hubiera llegado\u00a0 a su XXIV edici\u00f3n, concurso con el que se pretende fomentar la creatividad art\u00edstica de los aficionados a las artes pl\u00e1sticas, y que estaba prevista su celebraci\u00f3n para el d\u00eda 16 de mayo en la categor\u00eda de clase abierta, y los d\u00edas 15 y 16 para los alumnos del Taller municipal de pintura.<\/p>\n<p>As\u00ed mismo se aplaza,\u201dsine die\u201d:<\/p>\n<p><strong>La Escuela de Verano de Folclore<\/strong> que\u00a0 este a\u00f1o hubiera llegado\u00a0 a su IX edici\u00f3n, y que estaba prevista su celebraci\u00f3n en la fecha habitual,\u00a0 la tercera semana del mes de julio, junto con\u00a0 <strong>el festival de m\u00fasica tradicional.<\/strong><\/p>\n<p>Por otra parte tercer se comunica que:<\/p>\n<p>&#8211; <strong>Los Talleres Municipales<\/strong>, que adelantan la clausura del curso, del 30 de junio al 30 de abril, dada que seg\u00fan la previsi\u00f3n del gobierno que acabamos de conocer hasta la tercera fase de la desescalada, en el mes de septiembre no se podr\u00e1 volver\u00a0 a las clases colectivas presenciales, Por ello se suspenden los Talleres de Cultura Tradicional de baile charro, canto y percusi\u00f3n, y gaita y tamboril, as\u00ed como m\u00fasica para beb\u00e9s, clases de pintura art\u00edstica, y restauraci\u00f3n de antig\u00fcedades.<\/p>\n<p>La Delegaci\u00f3n de Cultura liderada por Beatriz Jorge, se ve en la obligaci\u00f3n de tomar estas medidas debido, como todos sabemos, a la alerta sanitaria que se est\u00e1 viviendo en nuestro pa\u00eds. No obstante no se escatimar\u00e1n esfuerzos para reactivar todos los actos culturales que est\u00e9n en manos del Ayuntamiento, una vez superado este triste periodo.<\/p>\n","protected":false},"excerpt":{"rendered":"<p>Con motivo de la situaci\u00f3n excepcional generada por la incidencia del COVID-19 y las medidas derivadas del Real Decreto 463\/2020, de 14 de marzo, por el que se declara el estado de alarma para la gesti\u00f3n de la situaci\u00f3n de crisis sanitaria ocasionada por el COVID-19, el Ayuntamiento de Ciudad Rodrigo, se ha visto obligado\u00a0 [&hellip;]<\/p>\n","protected":false},"author":3,"featured_media":7079,"comment_status":"closed","ping_status":"closed","sticky":false,"template":"","format":"standard","meta":{"footnotes":""},"categories":[141,147],"tags":[],"class_list":["post-8263","post","type-post","status-publish","format-standard","has-post-thumbnail","hentry","category-actualidad","category-destacados"],"_links":{"self":[{"href":"https:\/\/www.ciudadrodrigo.es\/ayuntamiento\/wp-json\/wp\/v2\/posts\/8263","targetHints":{"allow":["GET"]}}],"collection":[{"href":"https:\/\/www.ciudadrodrigo.es\/ayuntamiento\/wp-json\/wp\/v2\/posts"}],"about":[{"href":"https:\/\/www.ciudadrodrigo.es\/ayuntamiento\/wp-json\/wp\/v2\/types\/post"}],"author":[{"embeddable":true,"href":"https:\/\/www.ciudadrodrigo.es\/ayuntamiento\/wp-json\/wp\/v2\/users\/3"}],"replies":[{"embeddable":true,"href":"https:\/\/www.ciudadrodrigo.es\/ayuntamiento\/wp-json\/wp\/v2\/comments?post=8263"}],"version-history":[{"count":1,"href":"https:\/\/www.ciudadrodrigo.es\/ayuntamiento\/wp-json\/wp\/v2\/posts\/8263\/revisions"}],"predecessor-version":[{"id":8264,"href":"https:\/\/www.ciudadrodrigo.es\/ayuntamiento\/wp-json\/wp\/v2\/posts\/8263\/revisions\/8264"}],"wp:featuredmedia":[{"embeddable":true,"href":"https:\/\/www.ciudadrodrigo.es\/ayuntamiento\/wp-json\/wp\/v2\/media\/7079"}],"wp:attachment":[{"href":"https:\/\/www.ciudadrodrigo.es\/ayuntamiento\/wp-json\/wp\/v2\/media?parent=8263"}],"wp:term":[{"taxonomy":"category","embeddable":true,"href":"https:\/\/www.ciudadrodrigo.es\/ayuntamiento\/wp-json\/wp\/v2\/categories?post=8263"},{"taxonomy":"post_tag","embeddable":true,"href":"https:\/\/www.ciudadrodrigo.es\/ayuntamiento\/wp-json\/wp\/v2\/tags?post=8263"}],"curies":[{"name":"wp","href":"https:\/\/api.w.org\/{rel}","templated":true}]}}