{"id":8509,"date":"2020-06-02T13:44:10","date_gmt":"2020-06-02T11:44:10","guid":{"rendered":"https:\/\/www.ciudadrodrigo.es\/ayuntamiento\/?p=8509"},"modified":"2020-06-09T11:23:55","modified_gmt":"2020-06-09T09:23:55","slug":"autorizacion-de-uso-excepcional-en-suelo-rustico-para-legalizacion-de-las-instalaciones-de-la-explotacion-porcina-de-12-cerdas-reproductoras-de-porcino-iberico-ciclo-mixto-grupo-i-en-la-parcela-24-d","status":"publish","type":"post","link":"https:\/\/www.ciudadrodrigo.es\/ayuntamiento\/autorizacion-de-uso-excepcional-en-suelo-rustico-para-legalizacion-de-las-instalaciones-de-la-explotacion-porcina-de-12-cerdas-reproductoras-de-porcino-iberico-ciclo-mixto-grupo-i-en-la-parcela-24-d\/","title":{"rendered":"Autorizaci\u00f3n de uso excepcional en suelo r\u00fastico para legalizaci\u00f3n de las instalaciones de la explotaci\u00f3n porcina de 12 cerdas reproductoras de porcino ib\u00e9rico, ciclo mixto, Grupo I en la parcela 24 del pol\u00edgono 24."},"content":{"rendered":"<p><strong>\u00d3RGANO QUE ORDENA LA PUBLICACI\u00d3N<\/strong>: Alcald\u00eda.<br \/>\n<strong>PUBLICACI\u00d3N BOCYL<\/strong>: <a href=\"http:\/\/bocyl.jcyl.es\/boletines\/2020\/06\/09\/pdf\/BOCYL-D-09062020-26.pdf\" target=\"_blank\" rel=\"noopener noreferrer\">09\/06\/2020<\/a><br \/>\n<strong>PUBLICACI\u00d3N WEB<\/strong>: 2 de junio de 2020.<br \/>\n<strong>PUBLICACI\u00d3N PRENSA<\/strong>: La Gaceta de Salamanca de fecha 04\/06\/2020.<br \/>\n<strong>PRESENTACI\u00d3N DE ALEGACIONES<\/strong>: 20 d\u00edas h\u00e1biles a contar desde el d\u00eda siguiente a la ultima de las publicaciones. <span style=\"text-decoration: underline;\"><strong>Hasta el 7 de julio de 2020<\/strong><\/span><\/p>\n<p><strong><span style=\"text-decoration: underline;\">DOCUMENTOS<\/span><\/strong>:<\/p>\n<table style=\"width: 100%; border-collapse: collapse;\" border=\"1\">\n<tbody>\n<tr style=\"height: 12px;\">\n<td style=\"width: 3.68%; height: 12px;\"><img loading=\"lazy\" decoding=\"async\" class=\"alignnone size-full wp-image-2515\" src=\"https:\/\/www.ciudadrodrigo.es\/ayuntamiento\/wp-content\/uploads\/2018\/04\/iconoDescargaPdf.png\" alt=\"\" width=\"30\" height=\"30\" \/><\/td>\n<td style=\"width: 5.65%; height: 12px;\"><a href=\"https:\/\/www.ciudadrodrigo.es\/ayuntamiento\/wp-content\/uploads\/2020\/06\/ANUNCIO-BOCYL-BENITO-RISUE\u00d1O.pdf\" target=\"_blank\" rel=\"noopener noreferrer\">ANUNCIO<\/a><\/td>\n<\/tr>\n<\/tbody>\n<\/table>\n<p>&nbsp;<\/p>\n","protected":false},"excerpt":{"rendered":"<p>\u00d3RGANO QUE ORDENA LA PUBLICACI\u00d3N: Alcald\u00eda. PUBLICACI\u00d3N BOCYL: 09\/06\/2020 PUBLICACI\u00d3N WEB: 2 de junio de 2020. PUBLICACI\u00d3N PRENSA: La Gaceta de Salamanca de fecha 04\/06\/2020. PRESENTACI\u00d3N DE ALEGACIONES: 20 d\u00edas h\u00e1biles a contar desde el d\u00eda siguiente a la ultima de las publicaciones. Hasta el 7 de julio de 2020 DOCUMENTOS: ANUNCIO &nbsp;<\/p>\n","protected":false},"author":4,"featured_media":0,"comment_status":"closed","ping_status":"closed","sticky":false,"template":"","format":"standard","meta":{"footnotes":""},"categories":[151],"tags":[],"class_list":["post-8509","post","type-post","status-publish","format-standard","hentry","category-urbanismo-autorizaciones-de-uso-excepcional"],"_links":{"self":[{"href":"https:\/\/www.ciudadrodrigo.es\/ayuntamiento\/wp-json\/wp\/v2\/posts\/8509","targetHints":{"allow":["GET"]}}],"collection":[{"href":"https:\/\/www.ciudadrodrigo.es\/ayuntamiento\/wp-json\/wp\/v2\/posts"}],"about":[{"href":"https:\/\/www.ciudadrodrigo.es\/ayuntamiento\/wp-json\/wp\/v2\/types\/post"}],"author":[{"embeddable":true,"href":"https:\/\/www.ciudadrodrigo.es\/ayuntamiento\/wp-json\/wp\/v2\/users\/4"}],"replies":[{"embeddable":true,"href":"https:\/\/www.ciudadrodrigo.es\/ayuntamiento\/wp-json\/wp\/v2\/comments?post=8509"}],"version-history":[{"count":5,"href":"https:\/\/www.ciudadrodrigo.es\/ayuntamiento\/wp-json\/wp\/v2\/posts\/8509\/revisions"}],"predecessor-version":[{"id":8758,"href":"https:\/\/www.ciudadrodrigo.es\/ayuntamiento\/wp-json\/wp\/v2\/posts\/8509\/revisions\/8758"}],"wp:attachment":[{"href":"https:\/\/www.ciudadrodrigo.es\/ayuntamiento\/wp-json\/wp\/v2\/media?parent=8509"}],"wp:term":[{"taxonomy":"category","embeddable":true,"href":"https:\/\/www.ciudadrodrigo.es\/ayuntamiento\/wp-json\/wp\/v2\/categories?post=8509"},{"taxonomy":"post_tag","embeddable":true,"href":"https:\/\/www.ciudadrodrigo.es\/ayuntamiento\/wp-json\/wp\/v2\/tags?post=8509"}],"curies":[{"name":"wp","href":"https:\/\/api.w.org\/{rel}","templated":true}]}}