{"id":8525,"date":"2020-06-02T14:38:38","date_gmt":"2020-06-02T12:38:38","guid":{"rendered":"https:\/\/www.ciudadrodrigo.es\/ayuntamiento\/?p=8525"},"modified":"2020-06-09T11:28:31","modified_gmt":"2020-06-09T09:28:31","slug":"autorizacion-de-uso-excepcional-en-suelo-rustico-para-adecuacion-de-nave-para-almacenamiento-y-comercializacion-de-productos-agricolas-y-ganaderos-en-parcela-er-extrarradio1","status":"publish","type":"post","link":"https:\/\/www.ciudadrodrigo.es\/ayuntamiento\/autorizacion-de-uso-excepcional-en-suelo-rustico-para-adecuacion-de-nave-para-almacenamiento-y-comercializacion-de-productos-agricolas-y-ganaderos-en-parcela-er-extrarradio1\/","title":{"rendered":"Autorizaci\u00f3n de uso excepcional en suelo r\u00fastico para adecuaci\u00f3n de nave para almacenamiento y comercializaci\u00f3n de productos agr\u00edcolas y ganaderos en parcela ER Extrarradio1"},"content":{"rendered":"<p><strong>\u00d3RGANO QUE ORDENA LA PUBLICACI\u00d3N<\/strong>: Alcald\u00eda.<br \/>\n<strong>PUBLICACI\u00d3N BOCYL<\/strong>: <a href=\"http:\/\/bocyl.jcyl.es\/boletines\/2020\/06\/09\/pdf\/BOCYL-D-09062020-28.pdf\" target=\"_blank\" rel=\"noopener noreferrer\">09\/06\/2020<\/a><br \/>\n<strong>PUBLICACI\u00d3N WEB<\/strong>: 2 de junio de 2020.<br \/>\n<strong>PUBLICACI\u00d3N PRENSA<\/strong>: La Gaceta de Salamanca de fecha 04\/06\/2020.<br \/>\n<strong>PRESENTACI\u00d3N DE ALEGACIONES<\/strong>: 20 d\u00edas h\u00e1biles a contar desde el d\u00eda siguiente a la \u00faltima de las publicaciones. <span style=\"text-decoration: underline;\"><strong>07\/07\/2020<\/strong><\/span><\/p>\n<p><strong><span style=\"text-decoration: underline;\">DOCUMENTOS<\/span><\/strong>:<\/p>\n<table style=\"width: 100%; border-collapse: collapse;\" border=\"1\">\n<tbody>\n<tr>\n<td style=\"width: 3.96%;\"><img loading=\"lazy\" decoding=\"async\" class=\"alignnone size-full wp-image-2515\" src=\"https:\/\/www.ciudadrodrigo.es\/ayuntamiento\/wp-content\/uploads\/2018\/04\/iconoDescargaPdf.png\" alt=\"\" width=\"30\" height=\"30\" \/><\/td>\n<td style=\"width: 16.52%; height: 10px;\"><a href=\"https:\/\/www.ciudadrodrigo.es\/ayuntamiento\/wp-content\/uploads\/2020\/06\/ANUNCIO-BOCYL-COBADU.pdf\" target=\"_blank\" rel=\"noopener noreferrer\">ANUNCIO<\/a><\/td>\n<\/tr>\n<\/tbody>\n<\/table>\n<p>&nbsp;<\/p>\n","protected":false},"excerpt":{"rendered":"<p>\u00d3RGANO QUE ORDENA LA PUBLICACI\u00d3N: Alcald\u00eda. PUBLICACI\u00d3N BOCYL: 09\/06\/2020 PUBLICACI\u00d3N WEB: 2 de junio de 2020. PUBLICACI\u00d3N PRENSA: La Gaceta de Salamanca de fecha 04\/06\/2020. PRESENTACI\u00d3N DE ALEGACIONES: 20 d\u00edas h\u00e1biles a contar desde el d\u00eda siguiente a la \u00faltima de las publicaciones. 07\/07\/2020 DOCUMENTOS: ANUNCIO &nbsp;<\/p>\n","protected":false},"author":4,"featured_media":0,"comment_status":"closed","ping_status":"closed","sticky":false,"template":"","format":"standard","meta":{"footnotes":""},"categories":[151],"tags":[],"class_list":["post-8525","post","type-post","status-publish","format-standard","hentry","category-urbanismo-autorizaciones-de-uso-excepcional"],"_links":{"self":[{"href":"https:\/\/www.ciudadrodrigo.es\/ayuntamiento\/wp-json\/wp\/v2\/posts\/8525","targetHints":{"allow":["GET"]}}],"collection":[{"href":"https:\/\/www.ciudadrodrigo.es\/ayuntamiento\/wp-json\/wp\/v2\/posts"}],"about":[{"href":"https:\/\/www.ciudadrodrigo.es\/ayuntamiento\/wp-json\/wp\/v2\/types\/post"}],"author":[{"embeddable":true,"href":"https:\/\/www.ciudadrodrigo.es\/ayuntamiento\/wp-json\/wp\/v2\/users\/4"}],"replies":[{"embeddable":true,"href":"https:\/\/www.ciudadrodrigo.es\/ayuntamiento\/wp-json\/wp\/v2\/comments?post=8525"}],"version-history":[{"count":3,"href":"https:\/\/www.ciudadrodrigo.es\/ayuntamiento\/wp-json\/wp\/v2\/posts\/8525\/revisions"}],"predecessor-version":[{"id":8761,"href":"https:\/\/www.ciudadrodrigo.es\/ayuntamiento\/wp-json\/wp\/v2\/posts\/8525\/revisions\/8761"}],"wp:attachment":[{"href":"https:\/\/www.ciudadrodrigo.es\/ayuntamiento\/wp-json\/wp\/v2\/media?parent=8525"}],"wp:term":[{"taxonomy":"category","embeddable":true,"href":"https:\/\/www.ciudadrodrigo.es\/ayuntamiento\/wp-json\/wp\/v2\/categories?post=8525"},{"taxonomy":"post_tag","embeddable":true,"href":"https:\/\/www.ciudadrodrigo.es\/ayuntamiento\/wp-json\/wp\/v2\/tags?post=8525"}],"curies":[{"name":"wp","href":"https:\/\/api.w.org\/{rel}","templated":true}]}}