{"id":9756,"date":"2020-10-26T14:00:43","date_gmt":"2020-10-26T13:00:43","guid":{"rendered":"https:\/\/www.ciudadrodrigo.es\/ayuntamiento\/?p=9756"},"modified":"2025-08-07T08:43:22","modified_gmt":"2025-08-07T06:43:22","slug":"autorizacion-de-uso-excepcional-con-caracter-de-provisional-en-suelo-rustico-para-un-centro-de-recogida-por-entrega-voluntaria-de-residuos-domesticos-especiales-con-aparcamiento-para-vehiculos-almac","status":"publish","type":"post","link":"https:\/\/www.ciudadrodrigo.es\/ayuntamiento\/autorizacion-de-uso-excepcional-con-caracter-de-provisional-en-suelo-rustico-para-un-centro-de-recogida-por-entrega-voluntaria-de-residuos-domesticos-especiales-con-aparcamiento-para-vehiculos-almac\/","title":{"rendered":"Autorizaci\u00f3n de uso excepcional con car\u00e1cter de provisional en suelo r\u00fastico para un Centro de recogida por entrega voluntaria de residuos dom\u00e9sticos especiales, con aparcamiento para veh\u00edculos, almac\u00e9n y vestuarios, en la Carretera Salamanca s\/n extrarradio 1 pol\u00edgono 10"},"content":{"rendered":"<p><strong>\u00d3RGANO QUE ORDENA LA PUBLICACI\u00d3N<\/strong>: Alcald\u00eda.<br \/>\n<strong>PUBLICACI\u00d3N BOCYL<\/strong>: pendiente publicar<br \/>\n<strong>PUBLICACI\u00d3N WEB<\/strong>: 26 de octubre de 2020.<br \/>\n<strong>PUBLICACI\u00d3N PRENSA<\/strong>: La Gaceta de Salamanca 27\/10\/2020<br \/>\n<strong>PRESENTACI\u00d3N DE ALEGACIONES<\/strong>: 20 d\u00edas h\u00e1biles a contar desde el d\u00eda siguiente a la \u00faltima de las publicaciones.<\/p>\n<p>DOCUMENTOS:<\/p>\n<table style=\"width: 53.97%; height: 9px; border-collapse: collapse;\" border=\"1\">\n<tbody>\n<tr>\n<td style=\"width: 7.43%;\"><img loading=\"lazy\" decoding=\"async\" class=\"alignnone size-full wp-image-2515\" src=\"https:\/\/www.ciudadrodrigo.es\/ayuntamiento\/wp-content\/uploads\/2018\/04\/iconoDescargaPdf.png\" alt=\"\" width=\"30\" height=\"30\" \/><\/td>\n<td style=\"width: 92.4%;\"><a href=\"https:\/\/www.ciudadrodrigo.es\/ayuntamiento\/wp-content\/uploads\/2020\/10\/ANUNCIO-BOCYL.pdf\" target=\"_blank\" rel=\"noopener noreferrer\">ANUNCIO<\/a><\/td>\n<\/tr>\n<\/tbody>\n<\/table>\n<p>&nbsp;<\/p>\n","protected":false},"excerpt":{"rendered":"<p>\u00d3RGANO QUE ORDENA LA PUBLICACI\u00d3N: Alcald\u00eda. PUBLICACI\u00d3N BOCYL: pendiente publicar PUBLICACI\u00d3N WEB: 26 de octubre de 2020. PUBLICACI\u00d3N PRENSA: La Gaceta de Salamanca 27\/10\/2020 PRESENTACI\u00d3N DE ALEGACIONES: 20 d\u00edas h\u00e1biles a contar desde el d\u00eda siguiente a la \u00faltima de las publicaciones. DOCUMENTOS: ANUNCIO &nbsp;<\/p>\n","protected":false},"author":4,"featured_media":0,"comment_status":"closed","ping_status":"closed","sticky":false,"template":"","format":"standard","meta":{"footnotes":""},"categories":[151],"tags":[],"class_list":["post-9756","post","type-post","status-publish","format-standard","hentry","category-urbanismo-autorizaciones-de-uso-excepcional"],"_links":{"self":[{"href":"https:\/\/www.ciudadrodrigo.es\/ayuntamiento\/wp-json\/wp\/v2\/posts\/9756","targetHints":{"allow":["GET"]}}],"collection":[{"href":"https:\/\/www.ciudadrodrigo.es\/ayuntamiento\/wp-json\/wp\/v2\/posts"}],"about":[{"href":"https:\/\/www.ciudadrodrigo.es\/ayuntamiento\/wp-json\/wp\/v2\/types\/post"}],"author":[{"embeddable":true,"href":"https:\/\/www.ciudadrodrigo.es\/ayuntamiento\/wp-json\/wp\/v2\/users\/4"}],"replies":[{"embeddable":true,"href":"https:\/\/www.ciudadrodrigo.es\/ayuntamiento\/wp-json\/wp\/v2\/comments?post=9756"}],"version-history":[{"count":5,"href":"https:\/\/www.ciudadrodrigo.es\/ayuntamiento\/wp-json\/wp\/v2\/posts\/9756\/revisions"}],"predecessor-version":[{"id":9774,"href":"https:\/\/www.ciudadrodrigo.es\/ayuntamiento\/wp-json\/wp\/v2\/posts\/9756\/revisions\/9774"}],"wp:attachment":[{"href":"https:\/\/www.ciudadrodrigo.es\/ayuntamiento\/wp-json\/wp\/v2\/media?parent=9756"}],"wp:term":[{"taxonomy":"category","embeddable":true,"href":"https:\/\/www.ciudadrodrigo.es\/ayuntamiento\/wp-json\/wp\/v2\/categories?post=9756"},{"taxonomy":"post_tag","embeddable":true,"href":"https:\/\/www.ciudadrodrigo.es\/ayuntamiento\/wp-json\/wp\/v2\/tags?post=9756"}],"curies":[{"name":"wp","href":"https:\/\/api.w.org\/{rel}","templated":true}]}}