{"id":9793,"date":"2020-11-03T09:18:50","date_gmt":"2020-11-03T08:18:50","guid":{"rendered":"https:\/\/www.ciudadrodrigo.es\/ayuntamiento\/?p=9793"},"modified":"2020-11-03T09:22:48","modified_gmt":"2020-11-03T08:22:48","slug":"autorizacion-de-uso-excepcional-con-caracter-de-provisional-en-suelo-rustico-para-un-centro-de-recogida-por-entrega-voluntaria-de-residuos-domesticos-especiales-con-aparcamiento-para-vehiculos-almac-2","status":"publish","type":"post","link":"https:\/\/www.ciudadrodrigo.es\/ayuntamiento\/autorizacion-de-uso-excepcional-con-caracter-de-provisional-en-suelo-rustico-para-un-centro-de-recogida-por-entrega-voluntaria-de-residuos-domesticos-especiales-con-aparcamiento-para-vehiculos-almac-2\/","title":{"rendered":"Autorizaci\u00f3n de uso excepcional con car\u00e1cter de provisional en suelo r\u00fastico para un Centro de recogida por entrega voluntaria de residuos dom\u00e9sticos especiales, con aparcamiento para veh\u00edculos, almac\u00e9n y vestuarios, en la Carretera Salamanca s\/n extrarradio 1 pol\u00edgono 10"},"content":{"rendered":"<p><strong>ORGANO QUE ORDENA LA PUBLICACI\u00d3N<\/strong>. Alcald\u00eda<br \/>\n<strong>PUBLICACI\u00d3N BOCYL<\/strong>: <a href=\"http:\/\/bocyl.jcyl.es\/boletines\/2020\/11\/03\/pdf\/BOCYL-D-03112020-33.pdf\" target=\"_blank\" rel=\"noopener noreferrer\">03\/11\/2020<\/a><br \/>\n<strong>PUBLICACI\u00d3N WEB<\/strong>: 03\/11\/2020<br \/>\n<strong>PUBLICACI\u00d3N PRENSA<\/strong>: La Gaceta de Salamanca\u00a0 27\/10\/2020<br \/>\n<strong>PRESENTACI\u00d3N DE ALEGACIONES<\/strong>: 20 d\u00edas h\u00e1biles a contar desde el d\u00eda siguiente a la \u00faltima de las publicaciones. Hasta el 1 de diciembre de 2020<\/p>\n<p><strong><span style=\"text-decoration: underline;\">DOCUMENTOS<\/span><\/strong>:<\/p>\n<table style=\"width: 28.91%; height: 19px; border-collapse: collapse;\" border=\"1\">\n<tbody>\n<tr>\n<td style=\"width: 17.7%;\"><img loading=\"lazy\" decoding=\"async\" class=\"alignnone size-full wp-image-2515\" src=\"https:\/\/www.ciudadrodrigo.es\/ayuntamiento\/wp-content\/uploads\/2018\/04\/iconoDescargaPdf.png\" alt=\"\" width=\"30\" height=\"30\" \/><\/td>\n<td style=\"width: 82.29%;\"><a href=\"https:\/\/www.ciudadrodrigo.es\/ayuntamiento\/wp-content\/uploads\/2020\/11\/ANUNCIO-BOCYL.pdf\" target=\"_blank\" rel=\"noopener noreferrer\">ANUNCIO<\/a><\/td>\n<\/tr>\n<\/tbody>\n<\/table>\n<p><\/p>\n","protected":false},"excerpt":{"rendered":"<p>ORGANO QUE ORDENA LA PUBLICACI\u00d3N. Alcald\u00eda PUBLICACI\u00d3N BOCYL: 03\/11\/2020 PUBLICACI\u00d3N WEB: 03\/11\/2020 PUBLICACI\u00d3N PRENSA: La Gaceta de Salamanca\u00a0 27\/10\/2020 PRESENTACI\u00d3N DE ALEGACIONES: 20 d\u00edas h\u00e1biles a contar desde el d\u00eda siguiente a la \u00faltima de las publicaciones. Hasta el 1 de diciembre de 2020 DOCUMENTOS: ANUNCIO<\/p>\n","protected":false},"author":4,"featured_media":0,"comment_status":"closed","ping_status":"closed","sticky":false,"template":"","format":"standard","meta":{"footnotes":""},"categories":[151],"tags":[],"class_list":["post-9793","post","type-post","status-publish","format-standard","hentry","category-urbanismo-autorizaciones-de-uso-excepcional"],"_links":{"self":[{"href":"https:\/\/www.ciudadrodrigo.es\/ayuntamiento\/wp-json\/wp\/v2\/posts\/9793","targetHints":{"allow":["GET"]}}],"collection":[{"href":"https:\/\/www.ciudadrodrigo.es\/ayuntamiento\/wp-json\/wp\/v2\/posts"}],"about":[{"href":"https:\/\/www.ciudadrodrigo.es\/ayuntamiento\/wp-json\/wp\/v2\/types\/post"}],"author":[{"embeddable":true,"href":"https:\/\/www.ciudadrodrigo.es\/ayuntamiento\/wp-json\/wp\/v2\/users\/4"}],"replies":[{"embeddable":true,"href":"https:\/\/www.ciudadrodrigo.es\/ayuntamiento\/wp-json\/wp\/v2\/comments?post=9793"}],"version-history":[{"count":4,"href":"https:\/\/www.ciudadrodrigo.es\/ayuntamiento\/wp-json\/wp\/v2\/posts\/9793\/revisions"}],"predecessor-version":[{"id":9795,"href":"https:\/\/www.ciudadrodrigo.es\/ayuntamiento\/wp-json\/wp\/v2\/posts\/9793\/revisions\/9795"}],"wp:attachment":[{"href":"https:\/\/www.ciudadrodrigo.es\/ayuntamiento\/wp-json\/wp\/v2\/media?parent=9793"}],"wp:term":[{"taxonomy":"category","embeddable":true,"href":"https:\/\/www.ciudadrodrigo.es\/ayuntamiento\/wp-json\/wp\/v2\/categories?post=9793"},{"taxonomy":"post_tag","embeddable":true,"href":"https:\/\/www.ciudadrodrigo.es\/ayuntamiento\/wp-json\/wp\/v2\/tags?post=9793"}],"curies":[{"name":"wp","href":"https:\/\/api.w.org\/{rel}","templated":true}]}}