{"id":9897,"date":"2020-11-20T11:59:26","date_gmt":"2020-11-20T10:59:26","guid":{"rendered":"https:\/\/www.ciudadrodrigo.es\/ayuntamiento\/?p=9897"},"modified":"2021-03-09T10:40:47","modified_gmt":"2021-03-09T09:40:47","slug":"subvencion-al-alquiler-de-vivienda-para-jovenes-2020","status":"publish","type":"post","link":"https:\/\/www.ciudadrodrigo.es\/ayuntamiento\/subvencion-al-alquiler-de-vivienda-para-jovenes-2020\/","title":{"rendered":"Subvenci\u00f3n al alquiler de vivienda para j\u00f3venes menores de 35 a\u00f1os, a\u00f1o 2020."},"content":{"rendered":"<p>Informaci\u00f3n desde BDNS, <em><a href=\"https:\/\/www.subvenciones.gob.es\/bdnstrans\/L371073\/es\/convocatoria\/533773\" target=\"_blank\" rel=\"noopener noreferrer\">ver aqu\u00ed<\/a>\u00a0<\/em><\/p>\n<p>Publicaci\u00f3n: <em><a href=\"https:\/\/sede.diputaciondesalamanca.gob.es\/documentacion\/bop\/2020\/20201120\/BOP-SA-20201120-013.pdf\" target=\"_blank\" rel=\"noopener noreferrer\">B.O.P. 20 noviembre de 2020<\/a><br \/>\n<\/em><\/p>\n<table style=\"height: 145px;\" width=\"680\">\n<tbody>\n<tr style=\"height: 65px;\">\n<td style=\"width: 39px; text-align: left; vertical-align: middle; height: 65px;\"><img loading=\"lazy\" decoding=\"async\" class=\"alignleft size-full wp-image-2515\" src=\"http:\/\/www.ciudadrodrigo.es\/ayuntamiento\/wp-content\/uploads\/2018\/04\/iconoDescargaPdf.png\" alt=\"iconodescargapdf\" width=\"30\" height=\"30\" \/><\/td>\n<td style=\"width: 625px; height: 65px;\">\u00a0<a href=\"https:\/\/www.ciudadrodrigo.es\/ayuntamiento\/wp-content\/uploads\/2020\/11\/Bases-convocatoria-ayudas-alquiler-jovenes-CiudadRodrigo-2020.pdf\" target=\"_blank\" rel=\"noopener noreferrer\">Bases de la convocatoria<\/a><\/td>\n<\/tr>\n<tr>\n<td style=\"width: 39px; text-align: left; vertical-align: middle;\"><img loading=\"lazy\" decoding=\"async\" class=\"aligncenter size-full wp-image-2609\" src=\"https:\/\/www.ciudadrodrigo.es\/ayuntamiento\/wp-content\/uploads\/2018\/05\/iconoDescargaWord_peq.png\" alt=\"\" width=\"30\" height=\"30\" \/><\/td>\n<td style=\"width: 625px;\">\u00a0<a href=\"https:\/\/www.ciudadrodrigo.es\/ayuntamiento\/wp-content\/uploads\/2020\/11\/AnexoI-modelo-Solicitud-Ayuda-alquiler-jovenes-2020.doc\" target=\"_blank\" rel=\"noopener noreferrer\">Solicitud<\/a><\/td>\n<\/tr>\n<tr>\n<td style=\"width: 39px; text-align: left; vertical-align: middle;\"><img loading=\"lazy\" decoding=\"async\" class=\"aligncenter size-full wp-image-2609\" src=\"https:\/\/www.ciudadrodrigo.es\/ayuntamiento\/wp-content\/uploads\/2018\/05\/iconoDescargaWord_peq.png\" alt=\"\" width=\"30\" height=\"30\" \/><\/td>\n<td style=\"width: 625px;\">\u00a0<a href=\"https:\/\/www.ciudadrodrigo.es\/ayuntamiento\/wp-content\/uploads\/2020\/11\/AnexoII-DeclaracionResponsable-ayuda-alquiler-jovenes-2020.doc\" target=\"_blank\" rel=\"noopener noreferrer\">Declaraci\u00f3n Responsable<\/a><\/td>\n<\/tr>\n<\/tbody>\n<\/table>\n<h3>Acceso a la tramitaci\u00f3n Electr\u00f3nica: <a href=\"https:\/\/ciudadrodrigo.sedelectronica.es\/?x=-Br8F6UoLajtoVb0zL0WZjdymO5P4zYRQ8n0dJwd1RaI4UZx17AaRYrKKz46M7HGANHmTCrquRPrr7lv54hPBfXGBtZmQnBiIPPpkdN3mkLsL*-hScm1ezsIoyufIT3KeDpiYYPKD8-6HKubBUsGjcwFptTr6U4PGOFboDJ5OofS7dgE6M2bL60JDc3nfUHF6MdZW4LWU*YTogcp5FN3MQ\" target=\"_blank\" rel=\"noopener noreferrer\">aqu\u00ed<\/a><\/h3>\n","protected":false},"excerpt":{"rendered":"<p>Informaci\u00f3n desde BDNS, ver aqu\u00ed\u00a0 Publicaci\u00f3n: B.O.P. 20 noviembre de 2020 \u00a0Bases de la convocatoria \u00a0Solicitud \u00a0Declaraci\u00f3n Responsable Acceso a la tramitaci\u00f3n Electr\u00f3nica: aqu\u00ed<\/p>\n","protected":false},"author":1,"featured_media":0,"comment_status":"closed","ping_status":"closed","sticky":false,"template":"","format":"standard","meta":{"footnotes":""},"categories":[148],"tags":[],"class_list":["post-9897","post","type-post","status-publish","format-standard","hentry","category-subvenciones"],"_links":{"self":[{"href":"https:\/\/www.ciudadrodrigo.es\/ayuntamiento\/wp-json\/wp\/v2\/posts\/9897","targetHints":{"allow":["GET"]}}],"collection":[{"href":"https:\/\/www.ciudadrodrigo.es\/ayuntamiento\/wp-json\/wp\/v2\/posts"}],"about":[{"href":"https:\/\/www.ciudadrodrigo.es\/ayuntamiento\/wp-json\/wp\/v2\/types\/post"}],"author":[{"embeddable":true,"href":"https:\/\/www.ciudadrodrigo.es\/ayuntamiento\/wp-json\/wp\/v2\/users\/1"}],"replies":[{"embeddable":true,"href":"https:\/\/www.ciudadrodrigo.es\/ayuntamiento\/wp-json\/wp\/v2\/comments?post=9897"}],"version-history":[{"count":3,"href":"https:\/\/www.ciudadrodrigo.es\/ayuntamiento\/wp-json\/wp\/v2\/posts\/9897\/revisions"}],"predecessor-version":[{"id":10379,"href":"https:\/\/www.ciudadrodrigo.es\/ayuntamiento\/wp-json\/wp\/v2\/posts\/9897\/revisions\/10379"}],"wp:attachment":[{"href":"https:\/\/www.ciudadrodrigo.es\/ayuntamiento\/wp-json\/wp\/v2\/media?parent=9897"}],"wp:term":[{"taxonomy":"category","embeddable":true,"href":"https:\/\/www.ciudadrodrigo.es\/ayuntamiento\/wp-json\/wp\/v2\/categories?post=9897"},{"taxonomy":"post_tag","embeddable":true,"href":"https:\/\/www.ciudadrodrigo.es\/ayuntamiento\/wp-json\/wp\/v2\/tags?post=9897"}],"curies":[{"name":"wp","href":"https:\/\/api.w.org\/{rel}","templated":true}]}}